{"id":4939,"date":"2024-06-13T07:42:00","date_gmt":"2024-06-13T07:42:00","guid":{"rendered":"https:\/\/news.access4you.io\/?p=4939"},"modified":"2024-06-13T07:43:54","modified_gmt":"2024-06-13T07:43:54","slug":"egyutt-a-tarsadalmi-fenntarthatosagert-es-inkluzioert","status":"publish","type":"post","link":"https:\/\/news.access4you.io\/en\/2024\/06\/13\/egyutt-a-tarsadalmi-fenntarthatosagert-es-inkluzioert\/","title":{"rendered":"Egy\u00fctt a t\u00e1rsadalmi fenntarthat\u00f3s\u00e1g\u00e9rt \u00e9s inkl\u00fazi\u00f3\u00e9rt &#8211; Az Access4you megrendezte els\u0151 webin\u00e1rj\u00e1t akkredit\u00e1lt partnerei sz\u00e1m\u00e1ra"},"content":{"rendered":"<p><strong>M\u00e1jusban megrendez\u00e9sre ker\u00fclt az els\u0151 Access4you els\u0151 webin\u00e1rja akkredit\u00e1lt partnerei sz\u00e1m\u00e1ra. Az esem\u00e9ny f\u0151 t\u00e9m\u00e1ja az Access4you Score kieg\u00e9sz\u00edt\u0151 term\u00e9k volt, amely az access4you\u00ae nemzetk\u00f6zi tan\u00fas\u00edt\u00f3 v\u00e9djegy felhaszn\u00e1lhat\u00f3s\u00e1g\u00e1t b\u0151v\u00edti ki. A nagyfok\u00fa \u00e9rdekl\u0151d\u00e9st j\u00f3l mutatja, hogy a vil\u00e1g minden t\u00e1j\u00e1r\u00f3l, pl. Egyiptomb\u00f3l, Indi\u00e1b\u00f3l \u00e9s Olaszorsz\u00e1gb\u00f3l is r\u00e9szt vettek az esem\u00e9nyen.<\/strong><br><br><\/p>\n\n\n\n<hr class=\"wp-block-separator has-alpha-channel-opacity\"\/>\n\n\n\n<p><br>\u201c<strong>Az ESG kiemelked\u0151en fontos, ez\u00e9rt musz\u00e1j valamilyen m\u00f3don m\u00e9rn\u00fcnk az ehhez kapcsol\u00f3d\u00f3 faktorokat\u2026 Jelenleg kev\u00e9s olyan eszk\u00f6z l\u00e9tezik, amellyel k\u00e9pesek vagyunk megk\u00fcl\u00f6nb\u00f6ztetni az \u00e9p\u00fcleteinket vagy c\u00e9geinket az ESG \u201cS\u201d aspektusa alapj\u00e1n. Azt gondolom, hogy az Access4you Score az egyik olyan eszk\u00f6z, amellyel ez a kih\u00edv\u00e1s orvosolhat\u00f3<\/strong>\u201d, \u00e1ll\u00edtja Radv\u00e1nyi G\u00e1bor &#8211; Chief Architect, Futureal Group &#8211; a webin\u00e1r \u00fcgyf\u00e9loldali el\u0151ad\u00f3ja.<\/p>\n\n\n\n<p>Az el\u0151ad\u00f3k, G\u00e1bor Radv\u00e1nyi \u2013 Chief Architect, Futureal Group; Tam\u00e1s M\u00e9ri \u2013 Co-founder and CBDO, Access4you; R\u00f3bert Kreschka \u2013 Head of Product and Audit, \u00e9s Denis Uracs \u2013 Business Development Lead, az Access4you Score pontrendszerben rejl\u0151 lehet\u0151s\u00e9geket, annak gyakorlati el\u0151nyeit prezent\u00e1lt\u00e1k a partnerek sz\u00e1m\u00e1ra rendezett esem\u00e9nyen. Sz\u00f3 esett arr\u00f3l is, hogy hogyan k\u00e9pes ez a term\u00e9k kiel\u00e9g\u00edteni a tan\u00fas\u00edtott, harmadik f\u00e9l \u00e1ltal biztos\u00edtott adatra val\u00f3 n\u00f6vekv\u0151 ig\u00e9nyt.<br><br><\/p>\n\n\n\n<h3 class=\"wp-block-heading\"><strong>Mir\u0151l is sz\u00f3l ez pontosan?<\/strong><\/h3>\n\n\n\n<p><br>A fogyat\u00e9koss\u00e1ggal \u00e9l\u0151k inkluzi\u00f3ja j\u00f3 hat\u00e1ssal van egyar\u00e1nt \u00fczleti \u00e9s t\u00e1rsadalmi szinten. Ez\u00e9rt csatlakoztak az akkredit\u00e1lt partnerek az Access4you k\u00fcldet\u00e9s\u00e9hez, amely a t\u00e1rsadalom befogad\u00f3bb\u00e1 \u00e9s az \u00e9p\u00edtett k\u00f6rnyezet mindenki sz\u00e1m\u00e1ra akad\u00e1lymentess\u00e9 t\u00e9tel\u00e9t t\u0171zte ki c\u00e9lul, \u00fagy, hogy az \u00f6sszhangban legyen \u00fczleti \u00e9rdekkel is.<br>A fogyat\u00e9koss\u00e1ggal \u00e9l\u0151k inkluzi\u00f3ja j\u00f3 hat\u00e1ssal van egyar\u00e1nt \u00fczleti \u00e9s t\u00e1rsadalmi szinten. Ez\u00e9rt csatlakoztak az akkredit\u00e1lt partnerek az Access4you k\u00fcldet\u00e9s\u00e9hez, amely a t\u00e1rsadalom befogad\u00f3bb\u00e1 \u00e9s az \u00e9p\u00edtett k\u00f6rnyezet mindenki sz\u00e1m\u00e1ra akad\u00e1lymentess\u00e9 t\u00e9tel\u00e9t t\u0171zte ki c\u00e9lul, \u00fagy, hogy az \u00f6sszhangban legyen \u00fczleti \u00e9rdekkel is.<\/p>\n\n\n\n<p>Az Access4you Score pontosan m\u00e9rhet\u0151, harmadik f\u00e9lt\u0151l sz\u00e1rmaz\u00f3 adatokat k\u00edn\u00e1l a helysz\u00ednek akad\u00e1lymentess\u00e9g\u00e9nek szintj\u00e9r\u0151l, ami \u00e9rt\u00e9kes inform\u00e1ci\u00f3t jelent az ESG-jelent\u00e9sekhez \u00e9s seg\u00edt az \u00e9p\u00fclet tulajdonosoknak t\u00e1rsadalmi fenntarthat\u00f3s\u00e1ggal kapcsolatos KPI-k meghat\u00e1roz\u00e1sban. Ezzel kib\u0151v\u00edti az access4you\u00ae nemzetk\u00f6zi tan\u00fas\u00edt\u00f3 v\u00e9djegy felhaszn\u00e1lhat\u00f3s\u00e1g\u00e1t.<\/p>\n\n\n\n<p>R\u00f3bert Kreschka a webinar sor\u00e1n egy m\u00e1sik fontos \u00e9rt\u00e9kaj\u00e1nlatot is kiemelt: \u201c<em>Ez <\/em>[az Access4you Score] <em>lehet\u0151v\u00e9 teszi az \u00fcgyf\u00e9l sz\u00e1m\u00e1ra, hogy \u00f6sszehasonl\u00edtsa az \u00e9p\u00fcleteit a portf\u00f3li\u00f3j\u00e1n bel\u00fcl, vagy ak\u00e1r a versenyt\u00e1rsakhoz, illetve az ipar\u00e1ghoz k\u00e9pest is pozicion\u00e1lja mag\u00e1t.<\/em>\u201d<br><br><\/p>\n\n\n\n<p><strong>Ilyen megold\u00e1sok hi\u00e1nycikknek sz\u00e1m\u00edtanak a piacon, viszont a kereslet ir\u00e1ntuk jelent\u0151s. Az akkredit\u00e1lt partnerekb\u0151l \u00e1ll\u00f3 h\u00e1l\u00f3zata seg\u00edti az Access4you-t abban, hogy innovat\u00edv megold\u00e1sait vil\u00e1gszerte terjessze.<\/strong><br><br><\/p>\n\n\n\n<h3 class=\"wp-block-heading\"><strong>Hogyan m\u0171k\u00f6dik?<\/strong><\/h3>\n\n\n\n<p><br>Az Access4you HQ csapata \u00e9s a nemzetk\u00f6zi partnerh\u00e1l\u00f3zat\u00e1nak tagjai egy k\u00fcl\u00f6nleges \u00e9s adatalap\u00fa m\u00f3dszerrel felm\u00e9rik az adott helysz\u00edn akad\u00e1lymentess\u00e9g\u00e9t. Az inkl\u00fazi\u00f3 fok\u00e1t <em>Tan\u00fas\u00edtott helysz\u00edn<\/em>t\u0151l kezdve <em>Bronz<\/em>, <em>Ez\u00fcst<\/em> vagy <em>Arany<\/em> min\u0151s\u00edt\u00e9ssel \u00e9rt\u00e9kelik, amely t\u00fckr\u00f6zi a 8+1 \u00e9rintett csoport akad\u00e1lymentess\u00e9gi sz\u00fcks\u00e9gleteit. A szak\u00e9rt\u0151k az itt begy\u0171jt\u00f6tt adatok alapj\u00e1n sz\u00e1molj\u00e1k ki az Access4you Score pontsz\u00e1m\u00e1t \u00e9s sz\u00e1zal\u00e9k\u00e1t.<\/p>\n\n\n\n<p>Ahogy Radv\u00e1nyi G\u00e1bor (Futureal) eml\u00edti: \u201c<em>Elkezdt\u00fcnk gondolkodni, hogy az \u00e9p\u00fcleteinket hogyan tehetn\u00e9nk m\u00e9g inkl\u00faz\u00edvabb\u00e1\u2026 \u00dagy gondolom, hogy err\u0151l mindenkinek hasonl\u00f3an k\u00e9ne gondolkodnia. Nem csak az\u00e9rt fontos, mert ez egy \u00fajabb plecsni a falon, hanem az\u00e9rt, mert magunk is emberi l\u00e9nyek vagyunk \u00e9s val\u00f3sz\u00edn\u0171leg m\u00e1soknak <\/em>[a fogyat\u00e9koss\u00e1ggal \u00e9l\u0151 embereknek]<em> sz\u00fcks\u00e9g\u00fck van az ilyen fajta seg\u00edts\u00e9gre.<\/em>\u201d<\/p>\n\n\n\n<p>A tan\u00fas\u00edt\u00f3 v\u00e9djegy term\u00e9szet\u00e9b\u0151l fakad\u00f3an hasznos a t\u00e1rsadalom sz\u00e1m\u00e1ra is. A v\u00e9djeggyel rendelkez\u0151 \u00fcgyfelek saj\u00e1t csatorn\u00e1ikon megoszthatnak egy r\u00e9szletes akad\u00e1lymentess\u00e9gi inform\u00e1ci\u00f3val ell\u00e1tott helysz\u00edn adatlapot, amely az Access4you weboldal\u00e1n \u00e9s applik\u00e1ci\u00f3j\u00e1ban is el\u00e9rhet\u0151. Ezek az adatlapok az \u00e9rintetti csoportok ig\u00e9nyei alapj\u00e1n, pl.: kerekessz\u00e9kes embereknek, nagyothall\u00f3knak, vakoknak, kognit\u00edv differenci\u00e1val \u00e9l\u0151knek \u00e9s id\u0151s emberek sz\u00e1m\u00e1ra is sz\u0171rhet\u0151ek \u00e9s kereshet\u0151ek.<\/p>\n\n\n\n<p>Ez term\u00e9szetesen \u00fczleti szempontb\u00f3l is el\u0151ny\u00f6s, hiszen az \u00e9p\u00fclet tulajdonosok, befektet\u0151k \u00e9s v\u00e1llalatok egyar\u00e1nt egy k\u00fcl\u00f6nleges v\u00e9djegyet adhatnak a portfoli\u00f3jukhoz, amellyel egy\u00fattal a t\u00e1rsadalmi fenntarthat\u00f3s\u00e1g melletti elk\u00f6telez\u0151d\u00e9s\u00fcket is igazolj\u00e1k.<br><br><\/p>\n\n\n\n<hr class=\"wp-block-separator has-alpha-channel-opacity\"\/>\n\n\n\n<p><br>Az Access4you \u00f6r\u00f6m\u00e9re \u00e9s b\u00fcszkes\u00e9g\u00e9re szolg\u00e1l ez a nagy \u00e9rdekl\u0151d\u00e9s az oktat\u00f3 jelleg\u0171 esem\u00e9nyekben. Ez\u00e9rt is rem\u00e9nykedik abban, hogy a j\u00f6v\u0151ben tov\u00e1bbra is hasonl\u00f3 webin\u00e1rokkal \u00e9s ak\u00e1r interakt\u00edv workshop-okkal is er\u0151s\u00edtheti a partnerek k\u00f6z\u00f6ss\u00e9g\u00e9t!<\/p>\n\n\n\n<p>Legyen \u00d6n is Access4you akkredit\u00e1lt partner, csatlakozzon ehhez a csod\u00e1latos h\u00e1l\u00f3zathoz \u00e9s n\u00e9zze meg a k\u00f6vetkez\u0151 webin\u00e1rokat.<\/p>\n\n\n\n<p>Access4you Score-t r\u00e9szletesen bemutat\u00f3 cikket <a href=\"https:\/\/news.access4you.io\/en\/2023\/12\/15\/az-access4you-csatlakozik-az-rics-tech-partner-programjahoz\/\"><strong>itt tal\u00e1lja<\/strong><\/a>.<\/p>\n\n\n\n<p><a href=\"https:\/\/access4you.io\/request-information\"><strong>Kapcsolatfelv\u00e9tel<\/strong><\/a><\/p>","protected":false},"excerpt":{"rendered":"<p>M\u00e1jusban megrendez\u00e9sre ker\u00fclt az els\u0151 Access4you els\u0151 webin\u00e1rja akkredit\u00e1lt partnerei sz\u00e1m\u00e1ra. Az esem\u00e9ny f\u0151 t\u00e9m\u00e1ja az Access4you Score kieg\u00e9sz\u00edt\u0151 term\u00e9k volt, amely az access4you\u00ae nemzetk\u00f6zi tan\u00fas\u00edt\u00f3 v\u00e9djegy felhaszn\u00e1lhat\u00f3s\u00e1g\u00e1t b\u0151v\u00edti ki. A nagyfok\u00fa \u00e9rdekl\u0151d\u00e9st j\u00f3l mutatja, hogy a vil\u00e1g minden t\u00e1j\u00e1r\u00f3l, pl. Egyiptomb\u00f3l, Indi\u00e1b\u00f3l \u00e9s Olaszorsz\u00e1gb\u00f3l is r\u00e9szt vettek az esem\u00e9nyen. \u201cAz ESG kiemelked\u0151en fontos, ez\u00e9rt [&hellip;]<\/p>","protected":false},"author":1,"featured_media":4931,"comment_status":"closed","ping_status":"closed","sticky":false,"template":"","format":"standard","meta":{"footnotes":""},"categories":[10],"tags":[109,119,121,124,127],"class_list":["post-4939","post","type-post","status-publish","format-standard","has-post-thumbnail","hentry","category-blog","tag-access4you-score","tag-inkluzio","tag-webinar","tag-akkreditalt-partnerek","tag-tarsadalmi-fenntarthatosag"],"yoast_head":"<!-- This site is optimized with the Yoast SEO plugin v23.8 - https:\/\/yoast.com\/wordpress\/plugins\/seo\/ -->\n<title>Egy\u00fctt a t\u00e1rsadalmi fenntarthat\u00f3s\u00e1g\u00e9rt \u00e9s inkl\u00fazi\u00f3\u00e9rt - Az Access4you megrendezte els\u0151 webin\u00e1rj\u00e1t akkredit\u00e1lt partnerei sz\u00e1m\u00e1ra - Access4you H\u00edrek<\/title>\n<meta name=\"description\" content=\"M\u00e1jusban megrendez\u00e9sre ker\u00fclt a c\u00e9g els\u0151 webin\u00e1rja partnerei sz\u00e1m\u00e1ra. Az esem\u00e9ny f\u0151 t\u00e9m\u00e1ja az Access4you Score kieg\u00e9sz\u00edt\u0151 term\u00e9k volt.\" \/>\n<meta name=\"robots\" content=\"index, follow, max-snippet:-1, max-image-preview:large, max-video-preview:-1\" \/>\n<link rel=\"canonical\" href=\"https:\/\/news.access4you.io\/en\/2024\/06\/13\/egyutt-a-tarsadalmi-fenntarthatosagert-es-inkluzioert\/\" \/>\n<meta property=\"og:locale\" content=\"en_US\" \/>\n<meta property=\"og:type\" content=\"article\" \/>\n<meta property=\"og:title\" content=\"Egy\u00fctt a t\u00e1rsadalmi fenntarthat\u00f3s\u00e1g\u00e9rt \u00e9s inkl\u00fazi\u00f3\u00e9rt - Az Access4you megrendezte els\u0151 webin\u00e1rj\u00e1t akkredit\u00e1lt partnerei sz\u00e1m\u00e1ra - Access4you H\u00edrek\" \/>\n<meta property=\"og:description\" content=\"M\u00e1jusban megrendez\u00e9sre ker\u00fclt a c\u00e9g els\u0151 webin\u00e1rja partnerei sz\u00e1m\u00e1ra. Az esem\u00e9ny f\u0151 t\u00e9m\u00e1ja az Access4you Score kieg\u00e9sz\u00edt\u0151 term\u00e9k volt.\" \/>\n<meta property=\"og:url\" content=\"https:\/\/news.access4you.io\/en\/2024\/06\/13\/egyutt-a-tarsadalmi-fenntarthatosagert-es-inkluzioert\/\" \/>\n<meta property=\"og:site_name\" content=\"Access4you H\u00edrek\" \/>\n<meta property=\"article:published_time\" content=\"2024-06-13T07:42:00+00:00\" \/>\n<meta property=\"article:modified_time\" content=\"2024-06-13T07:43:54+00:00\" \/>\n<meta property=\"og:image\" content=\"https:\/\/news.access4you.io\/wp-content\/uploads\/2024\/06\/Untitled-design.png\" \/>\n\t<meta property=\"og:image:width\" content=\"1440\" \/>\n\t<meta property=\"og:image:height\" content=\"500\" \/>\n\t<meta property=\"og:image:type\" content=\"image\/png\" \/>\n<meta name=\"author\" content=\"access4you\" \/>\n<meta name=\"twitter:card\" content=\"summary_large_image\" \/>\n<meta name=\"twitter:label1\" content=\"Written by\" \/>\n\t<meta name=\"twitter:data1\" content=\"access4you\" \/>\n\t<meta name=\"twitter:label2\" content=\"Est. reading time\" \/>\n\t<meta name=\"twitter:data2\" content=\"4 minutes\" \/>\n<script type=\"application\/ld+json\" class=\"yoast-schema-graph\">{\"@context\":\"https:\/\/schema.org\",\"@graph\":[{\"@type\":\"Article\",\"@id\":\"https:\/\/news.access4you.io\/2024\/06\/13\/egyutt-a-tarsadalmi-fenntarthatosagert-es-inkluzioert\/#article\",\"isPartOf\":{\"@id\":\"https:\/\/news.access4you.io\/2024\/06\/13\/egyutt-a-tarsadalmi-fenntarthatosagert-es-inkluzioert\/\"},\"author\":{\"name\":\"access4you\",\"@id\":\"https:\/\/news.access4you.io\/#\/schema\/person\/cb4fff088aa5f5f43a6f4ce3a1e2e084\"},\"headline\":\"Egy\u00fctt a t\u00e1rsadalmi fenntarthat\u00f3s\u00e1g\u00e9rt \u00e9s inkl\u00fazi\u00f3\u00e9rt &#8211; Az Access4you megrendezte els\u0151 webin\u00e1rj\u00e1t akkredit\u00e1lt partnerei sz\u00e1m\u00e1ra\",\"datePublished\":\"2024-06-13T07:42:00+00:00\",\"dateModified\":\"2024-06-13T07:43:54+00:00\",\"mainEntityOfPage\":{\"@id\":\"https:\/\/news.access4you.io\/2024\/06\/13\/egyutt-a-tarsadalmi-fenntarthatosagert-es-inkluzioert\/\"},\"wordCount\":1030,\"publisher\":{\"@id\":\"https:\/\/news.access4you.io\/#organization\"},\"image\":{\"@id\":\"https:\/\/news.access4you.io\/2024\/06\/13\/egyutt-a-tarsadalmi-fenntarthatosagert-es-inkluzioert\/#primaryimage\"},\"thumbnailUrl\":\"https:\/\/news.access4you.io\/wp-content\/uploads\/2024\/06\/Untitled-design.png\",\"keywords\":[\"Access4you Score\",\"Inkl\u00fazi\u00f3\",\"Webinar\",\"Akkredit\u00e1lt Partnerek\",\"T\u00e1rsadalmi Fenntarthat\u00f3s\u00e1g\"],\"articleSection\":[\"Blog\"],\"inLanguage\":\"en-US\"},{\"@type\":\"WebPage\",\"@id\":\"https:\/\/news.access4you.io\/2024\/06\/13\/egyutt-a-tarsadalmi-fenntarthatosagert-es-inkluzioert\/\",\"url\":\"https:\/\/news.access4you.io\/2024\/06\/13\/egyutt-a-tarsadalmi-fenntarthatosagert-es-inkluzioert\/\",\"name\":\"Egy\u00fctt a t\u00e1rsadalmi fenntarthat\u00f3s\u00e1g\u00e9rt \u00e9s inkl\u00fazi\u00f3\u00e9rt - Az Access4you megrendezte els\u0151 webin\u00e1rj\u00e1t akkredit\u00e1lt partnerei sz\u00e1m\u00e1ra - Access4you H\u00edrek\",\"isPartOf\":{\"@id\":\"https:\/\/news.access4you.io\/#website\"},\"primaryImageOfPage\":{\"@id\":\"https:\/\/news.access4you.io\/2024\/06\/13\/egyutt-a-tarsadalmi-fenntarthatosagert-es-inkluzioert\/#primaryimage\"},\"image\":{\"@id\":\"https:\/\/news.access4you.io\/2024\/06\/13\/egyutt-a-tarsadalmi-fenntarthatosagert-es-inkluzioert\/#primaryimage\"},\"thumbnailUrl\":\"https:\/\/news.access4you.io\/wp-content\/uploads\/2024\/06\/Untitled-design.png\",\"datePublished\":\"2024-06-13T07:42:00+00:00\",\"dateModified\":\"2024-06-13T07:43:54+00:00\",\"description\":\"M\u00e1jusban megrendez\u00e9sre ker\u00fclt a c\u00e9g els\u0151 webin\u00e1rja partnerei sz\u00e1m\u00e1ra. Az esem\u00e9ny f\u0151 t\u00e9m\u00e1ja az Access4you Score kieg\u00e9sz\u00edt\u0151 term\u00e9k volt.\",\"breadcrumb\":{\"@id\":\"https:\/\/news.access4you.io\/2024\/06\/13\/egyutt-a-tarsadalmi-fenntarthatosagert-es-inkluzioert\/#breadcrumb\"},\"inLanguage\":\"en-US\",\"potentialAction\":[{\"@type\":\"ReadAction\",\"target\":[\"https:\/\/news.access4you.io\/2024\/06\/13\/egyutt-a-tarsadalmi-fenntarthatosagert-es-inkluzioert\/\"]}]},{\"@type\":\"ImageObject\",\"inLanguage\":\"en-US\",\"@id\":\"https:\/\/news.access4you.io\/2024\/06\/13\/egyutt-a-tarsadalmi-fenntarthatosagert-es-inkluzioert\/#primaryimage\",\"url\":\"https:\/\/news.access4you.io\/wp-content\/uploads\/2024\/06\/Untitled-design.png\",\"contentUrl\":\"https:\/\/news.access4you.io\/wp-content\/uploads\/2024\/06\/Untitled-design.png\",\"width\":1440,\"height\":500,\"caption\":\"Prom\u00f3ci\u00f3s banner az Access4you Score webin\u00e1riumhoz a partnerek sz\u00e1m\u00e1ra. A banner k\u00e9k h\u00e1tt\u00e9rrel rendelkezik, balra az Access4you log\u00f3, feh\u00e9rrel a \\\"Partnereknek:\\\" sz\u00f6veg \u00e9s fekete t\u00e9glalapban az \\\"Access4you Score webin\u00e1rium\\\" felirat. A jobb oldalon t\u00edz ikon l\u00e1that\u00f3, amelyek k\u00fcl\u00f6nb\u00f6z\u0151 \u00e9rdekcsoportokat k\u00e9pviselnek.\"},{\"@type\":\"BreadcrumbList\",\"@id\":\"https:\/\/news.access4you.io\/2024\/06\/13\/egyutt-a-tarsadalmi-fenntarthatosagert-es-inkluzioert\/#breadcrumb\",\"itemListElement\":[{\"@type\":\"ListItem\",\"position\":1,\"name\":\"Kezd\u0151lap\",\"item\":\"https:\/\/news.access4you.io\/\"},{\"@type\":\"ListItem\",\"position\":2,\"name\":\"Egy\u00fctt a t\u00e1rsadalmi fenntarthat\u00f3s\u00e1g\u00e9rt \u00e9s inkl\u00fazi\u00f3\u00e9rt &#8211; Az Access4you megrendezte els\u0151 webin\u00e1rj\u00e1t akkredit\u00e1lt partnerei sz\u00e1m\u00e1ra\"}]},{\"@type\":\"WebSite\",\"@id\":\"https:\/\/news.access4you.io\/#website\",\"url\":\"https:\/\/news.access4you.io\/\",\"name\":\"Access4you H\u00edrek\",\"description\":\"\",\"publisher\":{\"@id\":\"https:\/\/news.access4you.io\/#organization\"},\"potentialAction\":[{\"@type\":\"SearchAction\",\"target\":{\"@type\":\"EntryPoint\",\"urlTemplate\":\"https:\/\/news.access4you.io\/?s={search_term_string}\"},\"query-input\":{\"@type\":\"PropertyValueSpecification\",\"valueRequired\":true,\"valueName\":\"search_term_string\"}}],\"inLanguage\":\"en-US\"},{\"@type\":\"Organization\",\"@id\":\"https:\/\/news.access4you.io\/#organization\",\"name\":\"Access4you H\u00edrek\",\"url\":\"https:\/\/news.access4you.io\/\",\"logo\":{\"@type\":\"ImageObject\",\"inLanguage\":\"en-US\",\"@id\":\"https:\/\/news.access4you.io\/#\/schema\/logo\/image\/\",\"url\":\"https:\/\/news.access4you.io\/wp-content\/uploads\/2021\/01\/a4u-logo-black.png\",\"contentUrl\":\"https:\/\/news.access4you.io\/wp-content\/uploads\/2021\/01\/a4u-logo-black.png\",\"width\":726,\"height\":454,\"caption\":\"Access4you H\u00edrek\"},\"image\":{\"@id\":\"https:\/\/news.access4you.io\/#\/schema\/logo\/image\/\"}},{\"@type\":\"Person\",\"@id\":\"https:\/\/news.access4you.io\/#\/schema\/person\/cb4fff088aa5f5f43a6f4ce3a1e2e084\",\"name\":\"access4you\",\"image\":{\"@type\":\"ImageObject\",\"inLanguage\":\"en-US\",\"@id\":\"https:\/\/news.access4you.io\/#\/schema\/person\/image\/\",\"url\":\"https:\/\/secure.gravatar.com\/avatar\/9795a8b3afc7ed258d167a92dbb1075b37bab5bc83b1ac9182ff4f58c22040b8?s=96&d=mm&r=g\",\"contentUrl\":\"https:\/\/secure.gravatar.com\/avatar\/9795a8b3afc7ed258d167a92dbb1075b37bab5bc83b1ac9182ff4f58c22040b8?s=96&d=mm&r=g\",\"caption\":\"access4you\"},\"sameAs\":[\"http:\/\/localhost\/access4you\"],\"url\":\"https:\/\/news.access4you.io\/en\/author\/access4you\/\"}]}<\/script>\n<!-- \/ Yoast SEO plugin. -->","yoast_head_json":{"title":"Egy\u00fctt a t\u00e1rsadalmi fenntarthat\u00f3s\u00e1g\u00e9rt \u00e9s inkl\u00fazi\u00f3\u00e9rt - Az Access4you megrendezte els\u0151 webin\u00e1rj\u00e1t akkredit\u00e1lt partnerei sz\u00e1m\u00e1ra - Access4you H\u00edrek","description":"M\u00e1jusban megrendez\u00e9sre ker\u00fclt a c\u00e9g els\u0151 webin\u00e1rja partnerei sz\u00e1m\u00e1ra. Az esem\u00e9ny f\u0151 t\u00e9m\u00e1ja az Access4you Score kieg\u00e9sz\u00edt\u0151 term\u00e9k volt.","robots":{"index":"index","follow":"follow","max-snippet":"max-snippet:-1","max-image-preview":"max-image-preview:large","max-video-preview":"max-video-preview:-1"},"canonical":"https:\/\/news.access4you.io\/en\/2024\/06\/13\/egyutt-a-tarsadalmi-fenntarthatosagert-es-inkluzioert\/","og_locale":"en_US","og_type":"article","og_title":"Egy\u00fctt a t\u00e1rsadalmi fenntarthat\u00f3s\u00e1g\u00e9rt \u00e9s inkl\u00fazi\u00f3\u00e9rt - Az Access4you megrendezte els\u0151 webin\u00e1rj\u00e1t akkredit\u00e1lt partnerei sz\u00e1m\u00e1ra - Access4you H\u00edrek","og_description":"M\u00e1jusban megrendez\u00e9sre ker\u00fclt a c\u00e9g els\u0151 webin\u00e1rja partnerei sz\u00e1m\u00e1ra. Az esem\u00e9ny f\u0151 t\u00e9m\u00e1ja az Access4you Score kieg\u00e9sz\u00edt\u0151 term\u00e9k volt.","og_url":"https:\/\/news.access4you.io\/en\/2024\/06\/13\/egyutt-a-tarsadalmi-fenntarthatosagert-es-inkluzioert\/","og_site_name":"Access4you H\u00edrek","article_published_time":"2024-06-13T07:42:00+00:00","article_modified_time":"2024-06-13T07:43:54+00:00","og_image":[{"width":1440,"height":500,"url":"https:\/\/news.access4you.io\/wp-content\/uploads\/2024\/06\/Untitled-design.png","type":"image\/png"}],"author":"access4you","twitter_card":"summary_large_image","twitter_misc":{"Written by":"access4you","Est. reading time":"4 minutes"},"schema":{"@context":"https:\/\/schema.org","@graph":[{"@type":"Article","@id":"https:\/\/news.access4you.io\/2024\/06\/13\/egyutt-a-tarsadalmi-fenntarthatosagert-es-inkluzioert\/#article","isPartOf":{"@id":"https:\/\/news.access4you.io\/2024\/06\/13\/egyutt-a-tarsadalmi-fenntarthatosagert-es-inkluzioert\/"},"author":{"name":"access4you","@id":"https:\/\/news.access4you.io\/#\/schema\/person\/cb4fff088aa5f5f43a6f4ce3a1e2e084"},"headline":"Egy\u00fctt a t\u00e1rsadalmi fenntarthat\u00f3s\u00e1g\u00e9rt \u00e9s inkl\u00fazi\u00f3\u00e9rt &#8211; Az Access4you megrendezte els\u0151 webin\u00e1rj\u00e1t akkredit\u00e1lt partnerei sz\u00e1m\u00e1ra","datePublished":"2024-06-13T07:42:00+00:00","dateModified":"2024-06-13T07:43:54+00:00","mainEntityOfPage":{"@id":"https:\/\/news.access4you.io\/2024\/06\/13\/egyutt-a-tarsadalmi-fenntarthatosagert-es-inkluzioert\/"},"wordCount":1030,"publisher":{"@id":"https:\/\/news.access4you.io\/#organization"},"image":{"@id":"https:\/\/news.access4you.io\/2024\/06\/13\/egyutt-a-tarsadalmi-fenntarthatosagert-es-inkluzioert\/#primaryimage"},"thumbnailUrl":"https:\/\/news.access4you.io\/wp-content\/uploads\/2024\/06\/Untitled-design.png","keywords":["Access4you Score","Inkl\u00fazi\u00f3","Webinar","Akkredit\u00e1lt Partnerek","T\u00e1rsadalmi Fenntarthat\u00f3s\u00e1g"],"articleSection":["Blog"],"inLanguage":"en-US"},{"@type":"WebPage","@id":"https:\/\/news.access4you.io\/2024\/06\/13\/egyutt-a-tarsadalmi-fenntarthatosagert-es-inkluzioert\/","url":"https:\/\/news.access4you.io\/2024\/06\/13\/egyutt-a-tarsadalmi-fenntarthatosagert-es-inkluzioert\/","name":"Egy\u00fctt a t\u00e1rsadalmi fenntarthat\u00f3s\u00e1g\u00e9rt \u00e9s inkl\u00fazi\u00f3\u00e9rt - Az Access4you megrendezte els\u0151 webin\u00e1rj\u00e1t akkredit\u00e1lt partnerei sz\u00e1m\u00e1ra - Access4you H\u00edrek","isPartOf":{"@id":"https:\/\/news.access4you.io\/#website"},"primaryImageOfPage":{"@id":"https:\/\/news.access4you.io\/2024\/06\/13\/egyutt-a-tarsadalmi-fenntarthatosagert-es-inkluzioert\/#primaryimage"},"image":{"@id":"https:\/\/news.access4you.io\/2024\/06\/13\/egyutt-a-tarsadalmi-fenntarthatosagert-es-inkluzioert\/#primaryimage"},"thumbnailUrl":"https:\/\/news.access4you.io\/wp-content\/uploads\/2024\/06\/Untitled-design.png","datePublished":"2024-06-13T07:42:00+00:00","dateModified":"2024-06-13T07:43:54+00:00","description":"M\u00e1jusban megrendez\u00e9sre ker\u00fclt a c\u00e9g els\u0151 webin\u00e1rja partnerei sz\u00e1m\u00e1ra. Az esem\u00e9ny f\u0151 t\u00e9m\u00e1ja az Access4you Score kieg\u00e9sz\u00edt\u0151 term\u00e9k volt.","breadcrumb":{"@id":"https:\/\/news.access4you.io\/2024\/06\/13\/egyutt-a-tarsadalmi-fenntarthatosagert-es-inkluzioert\/#breadcrumb"},"inLanguage":"en-US","potentialAction":[{"@type":"ReadAction","target":["https:\/\/news.access4you.io\/2024\/06\/13\/egyutt-a-tarsadalmi-fenntarthatosagert-es-inkluzioert\/"]}]},{"@type":"ImageObject","inLanguage":"en-US","@id":"https:\/\/news.access4you.io\/2024\/06\/13\/egyutt-a-tarsadalmi-fenntarthatosagert-es-inkluzioert\/#primaryimage","url":"https:\/\/news.access4you.io\/wp-content\/uploads\/2024\/06\/Untitled-design.png","contentUrl":"https:\/\/news.access4you.io\/wp-content\/uploads\/2024\/06\/Untitled-design.png","width":1440,"height":500,"caption":"Prom\u00f3ci\u00f3s banner az Access4you Score webin\u00e1riumhoz a partnerek sz\u00e1m\u00e1ra. A banner k\u00e9k h\u00e1tt\u00e9rrel rendelkezik, balra az Access4you log\u00f3, feh\u00e9rrel a \"Partnereknek:\" sz\u00f6veg \u00e9s fekete t\u00e9glalapban az \"Access4you Score webin\u00e1rium\" felirat. A jobb oldalon t\u00edz ikon l\u00e1that\u00f3, amelyek k\u00fcl\u00f6nb\u00f6z\u0151 \u00e9rdekcsoportokat k\u00e9pviselnek."},{"@type":"BreadcrumbList","@id":"https:\/\/news.access4you.io\/2024\/06\/13\/egyutt-a-tarsadalmi-fenntarthatosagert-es-inkluzioert\/#breadcrumb","itemListElement":[{"@type":"ListItem","position":1,"name":"Kezd\u0151lap","item":"https:\/\/news.access4you.io\/"},{"@type":"ListItem","position":2,"name":"Egy\u00fctt a t\u00e1rsadalmi fenntarthat\u00f3s\u00e1g\u00e9rt \u00e9s inkl\u00fazi\u00f3\u00e9rt &#8211; Az Access4you megrendezte els\u0151 webin\u00e1rj\u00e1t akkredit\u00e1lt partnerei sz\u00e1m\u00e1ra"}]},{"@type":"WebSite","@id":"https:\/\/news.access4you.io\/#website","url":"https:\/\/news.access4you.io\/","name":"Access4you H\u00edrek","description":"","publisher":{"@id":"https:\/\/news.access4you.io\/#organization"},"potentialAction":[{"@type":"SearchAction","target":{"@type":"EntryPoint","urlTemplate":"https:\/\/news.access4you.io\/?s={search_term_string}"},"query-input":{"@type":"PropertyValueSpecification","valueRequired":true,"valueName":"search_term_string"}}],"inLanguage":"en-US"},{"@type":"Organization","@id":"https:\/\/news.access4you.io\/#organization","name":"Access4you H\u00edrek","url":"https:\/\/news.access4you.io\/","logo":{"@type":"ImageObject","inLanguage":"en-US","@id":"https:\/\/news.access4you.io\/#\/schema\/logo\/image\/","url":"https:\/\/news.access4you.io\/wp-content\/uploads\/2021\/01\/a4u-logo-black.png","contentUrl":"https:\/\/news.access4you.io\/wp-content\/uploads\/2021\/01\/a4u-logo-black.png","width":726,"height":454,"caption":"Access4you H\u00edrek"},"image":{"@id":"https:\/\/news.access4you.io\/#\/schema\/logo\/image\/"}},{"@type":"Person","@id":"https:\/\/news.access4you.io\/#\/schema\/person\/cb4fff088aa5f5f43a6f4ce3a1e2e084","name":"access4you","image":{"@type":"ImageObject","inLanguage":"en-US","@id":"https:\/\/news.access4you.io\/#\/schema\/person\/image\/","url":"https:\/\/secure.gravatar.com\/avatar\/9795a8b3afc7ed258d167a92dbb1075b37bab5bc83b1ac9182ff4f58c22040b8?s=96&d=mm&r=g","contentUrl":"https:\/\/secure.gravatar.com\/avatar\/9795a8b3afc7ed258d167a92dbb1075b37bab5bc83b1ac9182ff4f58c22040b8?s=96&d=mm&r=g","caption":"access4you"},"sameAs":["http:\/\/localhost\/access4you"],"url":"https:\/\/news.access4you.io\/en\/author\/access4you\/"}]}},"_links":{"self":[{"href":"https:\/\/news.access4you.io\/en\/wp-json\/wp\/v2\/posts\/4939","targetHints":{"allow":["GET"]}}],"collection":[{"href":"https:\/\/news.access4you.io\/en\/wp-json\/wp\/v2\/posts"}],"about":[{"href":"https:\/\/news.access4you.io\/en\/wp-json\/wp\/v2\/types\/post"}],"author":[{"embeddable":true,"href":"https:\/\/news.access4you.io\/en\/wp-json\/wp\/v2\/users\/1"}],"replies":[{"embeddable":true,"href":"https:\/\/news.access4you.io\/en\/wp-json\/wp\/v2\/comments?post=4939"}],"version-history":[{"count":12,"href":"https:\/\/news.access4you.io\/en\/wp-json\/wp\/v2\/posts\/4939\/revisions"}],"predecessor-version":[{"id":4952,"href":"https:\/\/news.access4you.io\/en\/wp-json\/wp\/v2\/posts\/4939\/revisions\/4952"}],"wp:featuredmedia":[{"embeddable":true,"href":"https:\/\/news.access4you.io\/en\/wp-json\/wp\/v2\/media\/4931"}],"wp:attachment":[{"href":"https:\/\/news.access4you.io\/en\/wp-json\/wp\/v2\/media?parent=4939"}],"wp:term":[{"taxonomy":"category","embeddable":true,"href":"https:\/\/news.access4you.io\/en\/wp-json\/wp\/v2\/categories?post=4939"},{"taxonomy":"post_tag","embeddable":true,"href":"https:\/\/news.access4you.io\/en\/wp-json\/wp\/v2\/tags?post=4939"}],"curies":[{"name":"wp","href":"https:\/\/api.w.org\/{rel}","templated":true}]}}