{"id":4978,"date":"2024-08-09T13:10:40","date_gmt":"2024-08-09T13:10:40","guid":{"rendered":"https:\/\/news.access4you.io\/?p=4978"},"modified":"2024-08-09T13:10:41","modified_gmt":"2024-08-09T13:10:41","slug":"lang-barbara-interju","status":"publish","type":"post","link":"https:\/\/news.access4you.io\/en\/2024\/08\/09\/lang-barbara-interju\/","title":{"rendered":"Interj\u00fa Lang Barbar\u00e1val, a Lucababa blog \u00edr\u00f3j\u00e1val"},"content":{"rendered":"<p><strong>Legfrissebb interj\u00fankban ez\u00fattal Lang Barbar\u00e1val besz\u00e9lgett\u00fcnk, aki halmozottan s\u00e9r\u00fclt kisl\u00e1ny\u00e1val, Luc\u00e1val k\u00f6z\u00f6s \u00e9lm\u00e9nyeikr\u0151l, napi tapasztalataikr\u00f3l \u00e9s kih\u00edv\u00e1saikr\u00f3l sz\u00e1mol be a <a href=\"https:\/\/lucababa.hu\/\">lucababa.hu<\/a> blogon.<\/strong><\/p>\n\n\n\n<p><\/p>\n\n\n\n<hr class=\"wp-block-separator has-alpha-channel-opacity\"\/>\n\n\n\n<h4 class=\"wp-block-heading\"><br><br><strong>A4U:<\/strong> <strong>K\u00e9rlek, mutatkozz be! Mes\u00e9lj r\u00f6viden magadr\u00f3l, mit \u00e9rdemes tudni r\u00f3lad?<\/strong><\/h4>\n\n\n\n<p><br><\/p>\n\n\n\n<p>Lang Barbara vagyok, egy 6 \u00e9ves, s\u00falyosan, halmozottan s\u00e9r\u00fclt kicsil\u00e1ny anyuk\u00e1ja. Luci sz\u00fclet\u00e9s\u00e9ig fels\u0151vezet\u0151k\u00e9nt dolgoztam a m\u00e9di\u00e1ban, egy sales house-t vezettem, teh\u00e1t a versenyszf\u00e9r\u00e1ban tev\u00e9kenykedtem mintegy 16 \u00e9vig.&nbsp;<\/p>\n\n\n\n<p>Jelenleg a lucababa.hu bloggal foglalkozom, amit 2022 \u0151sz\u00e9n ind\u00edtottunk azzal a c\u00e9llal, hogy a kisl\u00e1nyunkon kereszt\u00fcl betekint\u00e9st ny\u00fajtsunk a fogyat\u00e9koss\u00e1ggal \u00e9l\u0151 emberek vil\u00e1g\u00e1ba, hidat \u00e9p\u00edtve ezzel a t\u00e1rsadalomban \u00e9l\u0151 \u00e1tlagemberek \u00e9s egy olyan csoport k\u00f6z\u00e9, akiknek az \u00e9let\u00e9r\u0151l, h\u00e9tk\u00f6znapjair\u00f3l, probl\u00e9m\u00e1ir\u00f3l, realit\u00e1sair\u00f3l alig-alig l\u00e1t valamit az, aki nem ebben \u00e9l.<br><br><br><\/p>\n\n\n\n<h4 class=\"wp-block-heading\"><strong>A4U: Foglald \u00f6ssze Lucababa t\u00f6rt\u00e9net\u00e9t azoknak, akik nem k\u00f6vetik csal\u00e1dod mindennapjait!<\/strong><\/h4>\n\n\n\n<p><br><\/p>\n\n\n\n<p>Luci egy 6 \u00e9ves, s\u00falyosan, halmozottan s\u00e9r\u00fclt kisl\u00e1ny, illetve most ballag\u00f3 ovis nagyl\u00e1ny.<\/p>\n\n\n\n<p>Mozg\u00e1s\u00e1ban s\u00falyosan \u00e9rintett, l\u00e1t\u00e1ss\u00e9r\u00fclt (CVI), \u00e9rtelmileg akad\u00e1lyozott, nem besz\u00e9l \u00e9s ter\u00e1piarezisztens epilepszi\u00e1s. A lucababa.hu blog a mi mindennapjainkr\u00f3l sz\u00f3l. Arr\u00f3l, hogy milyen az \u00e9let, milyen a csal\u00e1di \u00e9let egy s\u00falyosan, halmozottan s\u00e9r\u00fclt picil\u00e1nnyal, aki azt\u00e1n majd a k\u00f6vet\u0151k szeme el\u0151tt cseperedik, mindig \u00faj felsz\u00ednre ker\u00fcl\u0151 probl\u00e9m\u00e1val, \u00e9lethelyzettel.<\/p>\n\n\n\n<p>A blog ind\u00edt\u00e1sakor els\u0151dleges szempontom volt, hogy \u00fagy mutassam be az \u00e9let\u00fcnket, hogy k\u00f6zben ne \u201e\u00fcltessem \u00e1t a majmot\u201d az olvas\u00f3 v\u00e1ll\u00e1ra, ugyanakkor m\u00e9gis \u0151szinte k\u00e9pet fess\u00fcnk.&nbsp;<\/p>\n\n\n\n<p>Akinek nincs \u00e9s soha nem is volt a k\u00f6zvetlen k\u00f6rnyezet\u00e9ben s\u00e9r\u00fclt ember, fogalma sincs, hogy mihez kezdjen, ha v\u00e1ratlanul kapcsolatba ker\u00fcl egy s\u00e9r\u00fclt gyerekkel, emberrel, illetve annak csal\u00e1dj\u00e1val. Egy ilyen szituban \u00e1ltal\u00e1ban zavarba j\u00f6nnek az emberek.<\/p>\n\n\n\n<p>V\u00e1ltoz\u00e1st csak \u00fagy \u00e9rhet\u00fcnk el, ha a &#8211; sok esetben l\u00e1thatatlan &#8211; fogyat\u00e9koss\u00e1ggal \u00e9l\u0151 emberek is el\u0151b\u00fajnak. Tudom, hogy ez er\u0151sen a komfortz\u00f3na elhagy\u00e1sa, de en\u00e9lk\u00fcl nem fog menni.<br><br><br><\/p>\n\n\n\n<h4 class=\"wp-block-heading\"><strong>A4U: Hogyan befoly\u00e1solja az \u00e9leteteket az akad\u00e1lymentess\u00e9g- \u00e9s az arr\u00f3l sz\u00f3l\u00f3 inform\u00e1ci\u00f3 hi\u00e1nya?<\/strong><\/h4>\n\n\n\n<p><br><\/p>\n\n\n\n<p>Mindenf\u00e9lek\u00e9pp az eg\u00e9szs\u00e9ges \u00e9lett\u00e9r besz\u0171k\u00fcl\u00e9s\u00e9t hozza. Azt, hogy az \u00e9rintett csal\u00e1dok kiszorulnak a t\u00e1rsadalomb\u00f3l \u00e9s beszorulnak egy lak\u00e1sba. Az, ha el\u0151zetes t\u00e1j\u00e9koz\u00f3d\u00e1st ig\u00e9nyel, hogy adott program, helysz\u00edn, esem\u00e9ny megk\u00f6zel\u00edthet\u0151-e, ott rendelkez\u00e9sre \u00e1llnak-e az ig\u00e9ny szerinti alapvet\u0151 sz\u00fcks\u00e9gletek, amire egy mozg\u00e1s\u00e1ban s\u00falyosan akad\u00e1lyozott gyermeknek, feln\u0151ttnek sz\u00fcks\u00e9ge lehet, nem probl\u00e9ma. A f\u00e9lrevezet\u0151, hi\u00e1nyos, f\u00e9lv\u00e1llr\u00f3l vett inf\u00f3k viszont sok bossz\u00fas\u00e1got tudnak okozni.<\/p>\n\n\n\n<p><br><br><\/p>\n\n\n\n<h4 class=\"wp-block-heading\"><strong>A4U: Mit gondolsz, amikor Luca nagyobb lesz milyen \u00faj kih\u00edv\u00e1sokkal fogtok szembes\u00fclni az \u00e9p\u00edtett k\u00f6rnyezet haszn\u00e1lata sor\u00e1n?<\/strong><\/h4>\n\n\n\n<p><br><\/p>\n\n\n\n<p>Ahogy n\u0151, j\u00f3 esetben \u00fagy gyarapszik a s\u00falya is. Ez az egyik legnagyobb kih\u00edv\u00e1s egy mozg\u00e1s\u00e1ban s\u00falyosan akad\u00e1lyozott gyermekkel. Ahhoz, hogy min\u0151s\u00e9gi \u00e9letet tudjunk sz\u00e1m\u00e1ra biztos\u00edtani a k\u00e9s\u0151bbiekben is, ingergazdag k\u00f6rnyezetet, programokkal, lehet\u0151s\u00e9get arra, hogy a koroszt\u00e1ly\u00e1val egy\u00fctt lehessen, ezek mind-mind er\u0151n fel\u00fcli fizikai ig\u00e9nybev\u00e9telt, komoly szervez\u00e9st \u00e9s el\u0151zetes kutat\u00f3munk\u00e1t jelentenek.<\/p>\n\n\n\n<p>Ahhoz, hogy az \u00e9lettere ne sz\u0171k\u00fclj\u00f6n be, m\u00e1r a h\u00e1zb\u00f3l, lak\u00e1sb\u00f3l utc\u00e1ra val\u00f3 kijut\u00e1s is komoly kih\u00edv\u00e1sokat tartogat, nem is besz\u00e9lve a k\u00f6zleked\u00e9sr\u0151l. Egy rehab babakocsi \u00f6nmag\u00e1ban is 15-20 kg, plusz m\u00e9g a gyermek. Ezt senki nem emelgeti k\u00f6nnyed\u00e9n.<\/p>\n\n\n\n<p>Az eg\u00e9szs\u00e9g\u00fcgyi int\u00e9zm\u00e9nyek sok esetben nem akad\u00e1lymentesek. Cipelt\u00fck Lucit mi is emeleteken kereszt\u00fcl, mert elromlott a lift. A babakocsi\u00e9rt pedig visszament a p\u00e1rom, amit otthagytam a l\u00e9pcs\u0151fordul\u00f3ban, mert csak egyik\u00fcnk mehetett be vele a k\u00f3rh\u00e1zba egy szakorvosi vizsg\u00e1latra.&nbsp;<\/p>\n\n\n\n<p>Bp-en, ahol \u00e9l\u00fcnk nincsenek nagyobb gyermekek, feln\u0151ttek sz\u00e1m\u00e1ra olyan nyilv\u00e1nos helyis\u00e9gek, ahol pelust lehetne cser\u00e9lni, esetleg megetetni, megitatni. Ezt sokszor az utc\u00e1n vagy a kocsiban kell megoldani, ami gyakran neh\u00e9zkes, k\u00f6r\u00fclm\u00e9nyes.<\/p>\n\n\n\n<p><br><br><\/p>\n\n\n\n<h4 class=\"wp-block-heading\"><strong>A4U: Hol hallott\u00e1l az Access4you-r\u00f3l? Mi volt az els\u0151 benyom\u00e1sod r\u00f3lunk?<\/strong><\/h4>\n\n\n\n<p><br><\/p>\n\n\n\n<p>Az alap\u00edt\u00f3 t\u00f6rt\u00e9net\u00e9t olvastam \u00e9s az \u0151 sztorij\u00e1n kereszt\u00fcl figyeltem fel a kezdem\u00e9nyez\u00e9sre. \u00d6r\u00fcltem, hogy egy \u00e9rintett, aki pontosan ismeri a probl\u00e9m\u00e1kat, l\u00e9trehozott egy ilyen v\u00e1llalkoz\u00e1st. A bizalmat, a hiteless\u00e9get ez sz\u00e1momra nagyban n\u00f6velte.<\/p>\n\n\n\n<p><br><br><\/p>\n\n\n\n<h4 class=\"wp-block-heading\"><strong>A4U: Hogyan seg\u00edten\u00e9 a speci\u00e1lis ig\u00e9ny\u0171 gyermekeket nevel\u0151 sz\u00fcl\u0151k dolg\u00e1t, ha t\u00f6bb helysz\u00ednr\u0151l el\u00e9rhet\u0151 lenne r\u00e9szletes akad\u00e1lymentess\u00e9gi inform\u00e1ci\u00f3?<\/strong><\/h4>\n\n\n\n<p><br><\/p>\n\n\n\n<p>Mindenk\u00e9pp k\u00f6nnyebb\u00e9 tenn\u00e9 a mindennapokat. Kih\u00edv\u00e1sb\u00f3l \u00edgy is van b\u0151ven. B\u00e1trabban szervezn\u00e9nk programokat \u00e9s v\u00e1gn\u00e1nk neki ak\u00e1r egyed\u00fcl egy s\u00e9r\u00fclt kisgyerekkel egy-egy \u00fcgyint\u00e9z\u00e9snek is, nem kellene csatasorba \u00e1ll\u00edtani egy komplett hadoszt\u00e1lyt, t\u00fal\u00e9l\u0151t\u00far\u00e1ra k\u00e9sz\u00fclve.&nbsp;<\/p>\n\n\n\n<p>A telep\u00fcl\u00e9sek k\u00f6z\u00f6tti mozg\u00e1s, mindaddig nem felt\u00e9rk\u00e9pezett helysz\u00ednekre val\u00f3 eljut\u00e1s is k\u00f6nnyebb lenne. Sz\u00f3ba j\u00f6hetne egy spont\u00e1n kir\u00e1ndul\u00e1s, egy megtervezett nyaral\u00e1s. A hiteless\u00e9g, megb\u00edzhat\u00f3s\u00e1g viszont elengedhetetlen.<\/p>\n\n\n\n<p><br><br><\/p>\n\n\n\n<h4 class=\"wp-block-heading\"><strong>A4U: Szerinted mennyire jellemz\u0151, hogy a speci\u00e1lis ig\u00e9ny\u0171 gyermekeket nevel\u0151 csal\u00e1dok nem l\u00e1togatnak meg egy helysz\u00ednt az\u00e9rt, mert f\u00e9lnek att\u00f3l, hogy az nem megfelel\u0151 a gyermek\u00fck sz\u00e1m\u00e1ra? Fejtsd ki, mi\u00e9rt gondolod \u00edgy!<\/strong><\/h4>\n\n\n\n<p><br><\/p>\n\n\n\n<p>Eg\u00e9sz biztosan el\u0151fordul, hiszen sokakkal megesett m\u00e1r, hogy adott helysz\u00ednre, b\u00e1rmennyire szerettek volna, nem tudtak bejutni. \u00c9n egy-egy k\u00fcl\u00f6nlegesebb helysz\u00edn l\u00e1togat\u00e1s\u00e1nak tervez\u00e9sekor mindig igyekszem k\u00f6zvetlen\u00fcl is egyeztetni. Van, hogy reag\u00e1lnak a megkeres\u00e9semre, van, hogy nem. Ett\u0151l m\u00e9g nem biztos, hogy feladjuk, de mindenk\u00e9pp lutri, hogy mi fogad benn\u00fcnket.<\/p>\n\n\n\n<p>Akad\u00e1lymentes c\u00edmke alatt egy laikus nem biztos, hogy ugyanazt \u00e9rti, mint egy \u00e9rintett. Ez\u00e9rt nagyon fontos az eduk\u00e1ci\u00f3, hogy ezek a fogalmak ugyanazt jelents\u00e9k \u00e9s aki t\u00e1j\u00e9koztat, az ezt felel\u0151ss\u00e9gteljesen, a legjobb tud\u00e1sa szerint tegye vagy n\u00e9zzen, k\u00e9rdezzen ut\u00e1na.<\/p>\n\n\n\n<p>Az, hogy lassabb az inform\u00e1ci\u00f3\u00e1raml\u00e1s, hogy hosszabb az el\u0151k\u00e9sz\u00fclet kisebb probl\u00e9ma, mint az, ha azzal szembes\u00fcl\u00fcnk adott helysz\u00ednen, hogy a fele nem igaz annak, ami telefonon elhangzott vagy egy e-mailben le\u00edr\u00f3dott.<\/p>\n\n\n\n<p>Ha van egy gy\u0171jt\u0151oldal, ahol ezek \u00f6sszeszedve sz\u0171rhet\u0151k, kereshet\u0151k, az mindenk\u00e9pp hatalmas seg\u00edts\u00e9g.<\/p>\n\n\n\n<p>Haj\u00f3kir\u00e1ndul\u00e1st egy\u00e9bk\u00e9nt most tervez\u00fcnk Lucival, sz\u00edvesen besz\u00e1molok majd a tapasztalataimr\u00f3l.<\/p>\n\n\n\n<p><br><br><\/p>\n\n\n\n<h4 class=\"wp-block-heading\"><strong>A4U: Mit \u00fczenn\u00e9l azoknak a v\u00e1llalatoknak, amelyek nem tudj\u00e1k fektessenek-e er\u0151forr\u00e1sokat az akad\u00e1lymentess\u00e9gbe?<\/strong><\/h4>\n\n\n\n<p><br><\/p>\n\n\n\n<p>\u00c9n hiszem, hogy \u00e9rdemes egy jobb vil\u00e1got \u00e9p\u00edten\u00fcnk \u00e9s hogy ez rajtunk m\u00falik. Ahogy t\u00f6reksz\u00fcnk a fenntarthat\u00f3bb j\u00f6v\u0151 megteremt\u00e9s\u00e9re, a mi felel\u0151ss\u00e9g\u00fcnk olyan k\u00f6rnyezet l\u00e9trehoz\u00e1sa, ahol fogyat\u00e9koss\u00e1ggal \u00e9l\u0151 \u00e9s \u00e9p k\u00e9pes min\u0151s\u00e9gi id\u0151t egy\u00fctt t\u00f6lteni. \u00cdgy az elfogad\u00e1s azonnal \u00e1t is \u00fcltethet\u0151 a gyakorlatba, nem hosszas tanulm\u00e1nyokban olvasgathatunk csak r\u00f3la, hogy mit \u00e9s hogyan kellene.<\/p>\n\n\n\n<p>Ez nemcsak a v\u00e1llalatok fel\u00e9 \u00fczenet, hanem mindenki fel\u00e9. A mikrok\u00f6rnyezet\u00e9ben mindenki tud tenni az\u00e9rt, hogy akad\u00e1lymentes(ebb) \u00e9letet biztos\u00edthassunk a fogyat\u00e9koss\u00e1ggal \u00e9l\u0151, kiszolg\u00e1ltatottabb t\u00e1rsadalmi csoportok sz\u00e1m\u00e1ra, hogy ne csup\u00e1n egy elz\u00e1rt sz\u0171k kis ter\u00fcleten \u00e9rezhess\u00e9k magukat biztons\u00e1gban.&nbsp;<\/p>\n\n\n\n<p>Az, hogy egy l\u00e1t\u00e1ss\u00e9r\u00fclt csak a v\u00e1rosligeti Vakok kertj\u00e9ben \u00e9rzi biztons\u00e1gosnak letenni maga mell\u00e9 a t\u00e1sk\u00e1j\u00e1t an\u00e9lk\u00fcl, hogy att\u00f3l rettegjen, hogy valaki azt felkapja \u00e9s eliszkol vele, az ijeszt\u0151.<\/p>\n\n\n\n<p><br><br><\/p>\n\n\n\n<h4 class=\"wp-block-heading\"><strong>A4U: Mi a v\u00e9lem\u00e9nyed, Magyarorsz\u00e1gon mennyire mondhat\u00f3k akad\u00e1lymentesnek az \u00e9p\u00edtett k\u00f6rnyezetek?<\/strong><\/h4>\n\n\n\n<p><br><\/p>\n\n\n\n<p>A k\u00f6zint\u00e9zm\u00e9nyek kev\u00e9sb\u00e9 akad\u00e1lymentesek. Nem annak \u00e9p\u00fcltek. Ut\u00f3lag megoldani ezeket sokkal nehezebb. A t\u00f6megk\u00f6zleked\u00e9s ugyanakkor sokat v\u00e1ltozott, legink\u00e1bb a f\u0151v\u00e1rosban. Egy helyk\u00f6zi vagy t\u00e1vols\u00e1gi busz eset\u00e9ben, illetve vonatk\u00f6zleked\u00e9sn\u00e9l m\u00e9g mindig komoly neh\u00e9zs\u00e9gekbe \u00fctk\u00f6zik egy s\u00falyos mozg\u00e1ss\u00e9r\u00fclt utaztat\u00e1sa.<\/p>\n\n\n\n<p>A babakocsi le-felj\u00e1r\u00f3 sokszor \u00e9letvesz\u00e9lyes, a j\u00e1rd\u00e1k rossz min\u0151s\u00e9g\u0171ek, \u00f6ssze-vissza t\u00f6redezettek. Ha egy \u00e9p ember s\u00e9t\u00e1l ezeken, nem jelentenek akkora probl\u00e9m\u00e1t, de amint egy s\u00e9r\u00fcltet kell ezeken rehab babakocsiban vagy kerekessz\u00e9kben tologatni, ink\u00e1bb egy akad\u00e1lyp\u00e1ly\u00e1ra hasonl\u00edtanak, mint egy j\u00e1rd\u00e1ra. Nincs, vagy nagyon kev\u00e9s az akad\u00e1lymentes j\u00e1tsz\u00f3t\u00e9r csak\u00fagy, mint p\u00e9ld\u00e1ul az akad\u00e1lymentes strand. Kiszolg\u00e1l\u00f3 helyis\u00e9gek sem \u00e1llnak rendelkez\u00e9sre, ahol egy mozg\u00e1s\u00e1ban s\u00falyosan \u00e9rintett szem\u00e9lyt a m\u00e9lt\u00f3s\u00e1g\u00e1t, intimit\u00e1s\u00e1t meg\u0151rizve \u00e1t lehet \u00f6lt\u00f6ztetni, tiszt\u00e1ba tenni, stb.<\/p>\n\n\n\n<p>A t\u00e1rsash\u00e1zak kialak\u00edt\u00e1s\u00e1n\u00e1l sem gondoltak erre, hogy ak\u00e1r \u00f6n\u00e1ll\u00f3an megoldhat\u00f3 legyen a lak\u00e1sb\u00f3l az utc\u00e1ra val\u00f3 kijut\u00e1sa egy s\u00e9r\u00fclt, mozg\u00e1s\u00e1ban akad\u00e1lyozott embernek.<\/p>\n\n\n\n<p>A boltokba, \u00e9lelmiszer\u00fczletekbe, drog\u00e9ri\u00e1kba sokszor l\u00e9pcs\u0151n vezet fel az \u00fat. Ezt sem biztos, hogy \u00e1tlagemberk\u00e9nt \u00e9szrevessz\u00fck, de a fogyat\u00e9koss\u00e1ggal \u00e9l\u0151 \u00e9rintettek \u00e9let\u00e9t igencsak megnehez\u00edtik ezek az apr\u00f3s\u00e1gok, pontosabban az apr\u00f3bb-nagyobb dolgok hi\u00e1nya.<\/p>\n\n\n\n<p>Orsz\u00e1gonk\u00e9nt v\u00e1ltoz\u00f3 am\u00fagy a helyzet. Meglep\u0151 p\u00e9ld\u00e1ul, amit egy kedves bar\u00e1tunk mes\u00e9lt, akinek Spanyolorsz\u00e1gb\u00f3l \u00e9rkeztek kerekessz\u00e9kes bar\u00e1tai. \u0150k szerett\u00e9k Budapestet ilyen szempontb\u00f3l is, mert p\u00e9ld\u00e1ul Br\u00fcsszelhez k\u00e9pest jobbnak \u00edt\u00e9lt\u00e9k az itteni helyzetet. Azt mondt\u00e1k, hogy ott az egyetemre val\u00f3 napi bejut\u00e1s is kem\u00e9ny dzsungelharcot jelentett sz\u00e1mukra.<\/p>\n\n\n\n<p><br><br><\/p>\n\n\n\n<h4 class=\"wp-block-heading\"><strong>A4U: Mit gondolsz, mire van sz\u00fcks\u00e9g egy inkluz\u00edvabb j\u00f6v\u0151 megteremt\u00e9s\u00e9hez?<\/strong><\/h4>\n\n\n\n<p><br><\/p>\n\n\n\n<p>Rengeteg eduk\u00e1ci\u00f3ra. Ahhoz, hogy az emberek sz\u00e1moljanak a fogyat\u00e9koss\u00e1ggal \u00e9l\u0151 emberekkel \u00e9s a csal\u00e1djukkal, tervezzenek vel\u00fck, tudniuk kell r\u00f3luk. Arr\u00f3l, hogy \u0151k ugyan\u00fagy a t\u00e1rsadalom tagjai, m\u00e9g ha t\u00f6bb t\u00e1mogat\u00e1sra, seg\u00edts\u00e9gre is szorulnak. Ismerni\u00fck kell az ig\u00e9nyeiket, ehhez viszont meg kell ismerni ezt az \u00e9letform\u00e1t. Mi az, ami neh\u00e9zs\u00e9get okozhat \u00e9s mi az, amivel elboldogulnak.<\/p>\n\n\n\n<p>\u0150k is szeretn\u00e9nek r\u00e9szesei lenni az \u00e9letnek, ami zajlik, zakatol \u00e9s d\u00fcb\u00f6r\u00f6g, de ha a lak\u00e1sb\u00f3l is \u00f3ri\u00e1si er\u0151fesz\u00edt\u00e9sek \u00e1r\u00e1n tudnak csak kijutni, akkor nincs az az akarat, ami hossz\u00fa \u00e9veken kereszt\u00fcl lend\u00fcletet ad az ilyen t\u00edpus\u00fa, k\u00e9zzel foghat\u00f3 akad\u00e1lyok lek\u00fczd\u00e9s\u00e9hez.&nbsp;<\/p>\n\n\n\n<p>Nem kellene, hogy csupa harc \u00e9s k\u00fczdelem legyen ez az \u00e9let. Ebben a t\u00e1rsadalom, ak\u00e1r csak a k\u00f6zvetlen k\u00f6rnyezet\u00e9ben mindenki, nagyon sokat tud(na) tenni.<\/p>\n\n\n\n<p><br><\/p>\n\n\n\n<hr class=\"wp-block-separator has-alpha-channel-opacity\"\/>\n\n\n\n<p>K\u00f6sz\u00f6nj\u00fck sz\u00e9pen Lang Barbar\u00e1nak az interj\u00fat \u00e9s a v\u00e1laszokat! Tov\u00e1bbi \u00e9rdekes besz\u00e1mol\u00f3k Barbara \u00e9s csal\u00e1dja mindennapjair\u00f3l a <a href=\"https:\/\/lucababa.hu\/\">lucababa.hu<\/a>-n olvashat\u00f3k.<\/p>\n\n\n\n<p>M\u00e1s interj\u00fak\u00e9rt keress\u00e9k fel az Access4you <a href=\"https:\/\/news.access4you.io\/en\/\">News<\/a> oldal\u00e1t!<\/p>","protected":false},"excerpt":{"rendered":"<p>Legfrissebb interj\u00fankban ez\u00fattal Lang Barbar\u00e1val besz\u00e9lgett\u00fcnk, aki halmozottan s\u00e9r\u00fclt kisl\u00e1ny\u00e1val, Luc\u00e1val k\u00f6z\u00f6s \u00e9lm\u00e9nyeikr\u0151l, napi tapasztalataikr\u00f3l \u00e9s kih\u00edv\u00e1saikr\u00f3l sz\u00e1mol be a lucababa.hu blogon. A4U: K\u00e9rlek, mutatkozz be! Mes\u00e9lj r\u00f6viden magadr\u00f3l, mit \u00e9rdemes tudni r\u00f3lad? Lang Barbara vagyok, egy 6 \u00e9ves, s\u00falyosan, halmozottan s\u00e9r\u00fclt kicsil\u00e1ny anyuk\u00e1ja. Luci sz\u00fclet\u00e9s\u00e9ig fels\u0151vezet\u0151k\u00e9nt dolgoztam a m\u00e9di\u00e1ban, egy sales house-t vezettem, teh\u00e1t [&hellip;]<\/p>","protected":false},"author":1,"featured_media":4979,"comment_status":"closed","ping_status":"closed","sticky":false,"template":"","format":"standard","meta":{"footnotes":""},"categories":[10],"tags":[37,119,130,131],"class_list":["post-4978","post","type-post","status-publish","format-standard","has-post-thumbnail","hentry","category-blog","tag-akadalymentesseg","tag-inkluzio","tag-interju","tag-lucababa"],"yoast_head":"<!-- This site is optimized with the Yoast SEO plugin v23.8 - https:\/\/yoast.com\/wordpress\/plugins\/seo\/ -->\n<title>Interj\u00fa Lang Barbar\u00e1val, a Lucababa blog \u00edr\u00f3j\u00e1val - Access4you H\u00edrek<\/title>\n<meta name=\"description\" content=\"Interj\u00fankban Lang Barbar\u00e1val besz\u00e9lgett\u00fcnk az inkl\u00fazi\u00f3r\u00f3l, az akad\u00e1lymentess\u00e9gr\u0151l \u00e9s h\u00e9tk\u00f6znapjair\u00f3l halmozottan s\u00e9r\u00fclt kisl\u00e1ny\u00e1val.\" \/>\n<meta name=\"robots\" content=\"index, follow, max-snippet:-1, max-image-preview:large, max-video-preview:-1\" \/>\n<link rel=\"canonical\" href=\"https:\/\/news.access4you.io\/en\/2024\/08\/09\/lang-barbara-interju\/\" \/>\n<meta property=\"og:locale\" content=\"en_US\" \/>\n<meta property=\"og:type\" content=\"article\" \/>\n<meta property=\"og:title\" content=\"Interj\u00fa Lang Barbar\u00e1val, a Lucababa blog \u00edr\u00f3j\u00e1val - Access4you H\u00edrek\" \/>\n<meta property=\"og:description\" content=\"Interj\u00fankban Lang Barbar\u00e1val besz\u00e9lgett\u00fcnk az inkl\u00fazi\u00f3r\u00f3l, az akad\u00e1lymentess\u00e9gr\u0151l \u00e9s h\u00e9tk\u00f6znapjair\u00f3l halmozottan s\u00e9r\u00fclt kisl\u00e1ny\u00e1val.\" \/>\n<meta property=\"og:url\" content=\"https:\/\/news.access4you.io\/en\/2024\/08\/09\/lang-barbara-interju\/\" \/>\n<meta property=\"og:site_name\" content=\"Access4you H\u00edrek\" \/>\n<meta property=\"article:published_time\" content=\"2024-08-09T13:10:40+00:00\" \/>\n<meta property=\"article:modified_time\" content=\"2024-08-09T13:10:41+00:00\" \/>\n<meta property=\"og:image\" content=\"https:\/\/news.access4you.io\/wp-content\/uploads\/2024\/08\/Sangita-interview.png\" \/>\n\t<meta property=\"og:image:width\" content=\"1440\" \/>\n\t<meta property=\"og:image:height\" content=\"500\" \/>\n\t<meta property=\"og:image:type\" content=\"image\/png\" \/>\n<meta name=\"author\" content=\"access4you\" \/>\n<meta name=\"twitter:card\" content=\"summary_large_image\" \/>\n<meta name=\"twitter:label1\" content=\"Written by\" \/>\n\t<meta name=\"twitter:data1\" content=\"access4you\" \/>\n\t<meta name=\"twitter:label2\" content=\"Est. reading time\" \/>\n\t<meta name=\"twitter:data2\" content=\"8 minutes\" \/>\n<script type=\"application\/ld+json\" class=\"yoast-schema-graph\">{\"@context\":\"https:\/\/schema.org\",\"@graph\":[{\"@type\":\"Article\",\"@id\":\"https:\/\/news.access4you.io\/2024\/08\/09\/lang-barbara-interju\/#article\",\"isPartOf\":{\"@id\":\"https:\/\/news.access4you.io\/2024\/08\/09\/lang-barbara-interju\/\"},\"author\":{\"name\":\"access4you\",\"@id\":\"https:\/\/news.access4you.io\/#\/schema\/person\/cb4fff088aa5f5f43a6f4ce3a1e2e084\"},\"headline\":\"Interj\u00fa Lang Barbar\u00e1val, a Lucababa blog \u00edr\u00f3j\u00e1val\",\"datePublished\":\"2024-08-09T13:10:40+00:00\",\"dateModified\":\"2024-08-09T13:10:41+00:00\",\"mainEntityOfPage\":{\"@id\":\"https:\/\/news.access4you.io\/2024\/08\/09\/lang-barbara-interju\/\"},\"wordCount\":2063,\"publisher\":{\"@id\":\"https:\/\/news.access4you.io\/#organization\"},\"image\":{\"@id\":\"https:\/\/news.access4you.io\/2024\/08\/09\/lang-barbara-interju\/#primaryimage\"},\"thumbnailUrl\":\"https:\/\/news.access4you.io\/wp-content\/uploads\/2024\/08\/Sangita-interview.png\",\"keywords\":[\"akad\u00e1lymentess\u00e9g\",\"Inkl\u00fazi\u00f3\",\"Interj\u00fa\",\"lucababa\"],\"articleSection\":[\"Blog\"],\"inLanguage\":\"en-US\"},{\"@type\":\"WebPage\",\"@id\":\"https:\/\/news.access4you.io\/2024\/08\/09\/lang-barbara-interju\/\",\"url\":\"https:\/\/news.access4you.io\/2024\/08\/09\/lang-barbara-interju\/\",\"name\":\"Interj\u00fa Lang Barbar\u00e1val, a Lucababa blog \u00edr\u00f3j\u00e1val - Access4you H\u00edrek\",\"isPartOf\":{\"@id\":\"https:\/\/news.access4you.io\/#website\"},\"primaryImageOfPage\":{\"@id\":\"https:\/\/news.access4you.io\/2024\/08\/09\/lang-barbara-interju\/#primaryimage\"},\"image\":{\"@id\":\"https:\/\/news.access4you.io\/2024\/08\/09\/lang-barbara-interju\/#primaryimage\"},\"thumbnailUrl\":\"https:\/\/news.access4you.io\/wp-content\/uploads\/2024\/08\/Sangita-interview.png\",\"datePublished\":\"2024-08-09T13:10:40+00:00\",\"dateModified\":\"2024-08-09T13:10:41+00:00\",\"description\":\"Interj\u00fankban Lang Barbar\u00e1val besz\u00e9lgett\u00fcnk az inkl\u00fazi\u00f3r\u00f3l, az akad\u00e1lymentess\u00e9gr\u0151l \u00e9s h\u00e9tk\u00f6znapjair\u00f3l halmozottan s\u00e9r\u00fclt kisl\u00e1ny\u00e1val.\",\"breadcrumb\":{\"@id\":\"https:\/\/news.access4you.io\/2024\/08\/09\/lang-barbara-interju\/#breadcrumb\"},\"inLanguage\":\"en-US\",\"potentialAction\":[{\"@type\":\"ReadAction\",\"target\":[\"https:\/\/news.access4you.io\/2024\/08\/09\/lang-barbara-interju\/\"]}]},{\"@type\":\"ImageObject\",\"inLanguage\":\"en-US\",\"@id\":\"https:\/\/news.access4you.io\/2024\/08\/09\/lang-barbara-interju\/#primaryimage\",\"url\":\"https:\/\/news.access4you.io\/wp-content\/uploads\/2024\/08\/Sangita-interview.png\",\"contentUrl\":\"https:\/\/news.access4you.io\/wp-content\/uploads\/2024\/08\/Sangita-interview.png\",\"width\":1440,\"height\":500,\"caption\":\"A k\u00e9p vil\u00e1gosk\u00e9k h\u00e1tt\u00e9ren l\u00e1that\u00f3, k\u00f6zep\u00e9n a \\\"Interj\u00fa Lang Barbar\u00e1val\\\" felirattal. A k\u00e9p bal oldal\u00e1n egy laptopon g\u00e9pel\u0151 kezek l\u00e1that\u00f3k, k\u00f6r\u00fcl\u00f6tt\u00fck apr\u00f3 irodai t\u00e1rgyakkal, mint p\u00e9ld\u00e1ul egy jegyzetlap, egy cs\u00e9sze \u00e9s n\u00e9h\u00e1ny n\u00f6v\u00e9ny. A \\\"access4you\\\" log\u00f3 a sz\u00f6veg felett helyezkedik el k\u00f6z\u00e9pen. A k\u00e9p jobb oldal\u00e1n t\u00f6bb ikon tal\u00e1lhat\u00f3, amelyek k\u00fcl\u00f6nb\u00f6z\u0151 akad\u00e1lymentess\u00e9gi jellemz\u0151ket jel\u00f6lnek, p\u00e9ld\u00e1ul kerekessz\u00e9k hozz\u00e1f\u00e9r\u00e9st, l\u00e1t\u00e1s- \u00e9s hall\u00e1sk\u00e1rosod\u00e1st, \u00e9s m\u00e1sokat.\"},{\"@type\":\"BreadcrumbList\",\"@id\":\"https:\/\/news.access4you.io\/2024\/08\/09\/lang-barbara-interju\/#breadcrumb\",\"itemListElement\":[{\"@type\":\"ListItem\",\"position\":1,\"name\":\"Kezd\u0151lap\",\"item\":\"https:\/\/news.access4you.io\/\"},{\"@type\":\"ListItem\",\"position\":2,\"name\":\"Interj\u00fa Lang Barbar\u00e1val, a Lucababa blog \u00edr\u00f3j\u00e1val\"}]},{\"@type\":\"WebSite\",\"@id\":\"https:\/\/news.access4you.io\/#website\",\"url\":\"https:\/\/news.access4you.io\/\",\"name\":\"Access4you H\u00edrek\",\"description\":\"\",\"publisher\":{\"@id\":\"https:\/\/news.access4you.io\/#organization\"},\"potentialAction\":[{\"@type\":\"SearchAction\",\"target\":{\"@type\":\"EntryPoint\",\"urlTemplate\":\"https:\/\/news.access4you.io\/?s={search_term_string}\"},\"query-input\":{\"@type\":\"PropertyValueSpecification\",\"valueRequired\":true,\"valueName\":\"search_term_string\"}}],\"inLanguage\":\"en-US\"},{\"@type\":\"Organization\",\"@id\":\"https:\/\/news.access4you.io\/#organization\",\"name\":\"Access4you H\u00edrek\",\"url\":\"https:\/\/news.access4you.io\/\",\"logo\":{\"@type\":\"ImageObject\",\"inLanguage\":\"en-US\",\"@id\":\"https:\/\/news.access4you.io\/#\/schema\/logo\/image\/\",\"url\":\"https:\/\/news.access4you.io\/wp-content\/uploads\/2021\/01\/a4u-logo-black.png\",\"contentUrl\":\"https:\/\/news.access4you.io\/wp-content\/uploads\/2021\/01\/a4u-logo-black.png\",\"width\":726,\"height\":454,\"caption\":\"Access4you H\u00edrek\"},\"image\":{\"@id\":\"https:\/\/news.access4you.io\/#\/schema\/logo\/image\/\"}},{\"@type\":\"Person\",\"@id\":\"https:\/\/news.access4you.io\/#\/schema\/person\/cb4fff088aa5f5f43a6f4ce3a1e2e084\",\"name\":\"access4you\",\"image\":{\"@type\":\"ImageObject\",\"inLanguage\":\"en-US\",\"@id\":\"https:\/\/news.access4you.io\/#\/schema\/person\/image\/\",\"url\":\"https:\/\/secure.gravatar.com\/avatar\/9795a8b3afc7ed258d167a92dbb1075b37bab5bc83b1ac9182ff4f58c22040b8?s=96&d=mm&r=g\",\"contentUrl\":\"https:\/\/secure.gravatar.com\/avatar\/9795a8b3afc7ed258d167a92dbb1075b37bab5bc83b1ac9182ff4f58c22040b8?s=96&d=mm&r=g\",\"caption\":\"access4you\"},\"sameAs\":[\"http:\/\/localhost\/access4you\"],\"url\":\"https:\/\/news.access4you.io\/en\/author\/access4you\/\"}]}<\/script>\n<!-- \/ Yoast SEO plugin. -->","yoast_head_json":{"title":"Interj\u00fa Lang Barbar\u00e1val, a Lucababa blog \u00edr\u00f3j\u00e1val - Access4you H\u00edrek","description":"Interj\u00fankban Lang Barbar\u00e1val besz\u00e9lgett\u00fcnk az inkl\u00fazi\u00f3r\u00f3l, az akad\u00e1lymentess\u00e9gr\u0151l \u00e9s h\u00e9tk\u00f6znapjair\u00f3l halmozottan s\u00e9r\u00fclt kisl\u00e1ny\u00e1val.","robots":{"index":"index","follow":"follow","max-snippet":"max-snippet:-1","max-image-preview":"max-image-preview:large","max-video-preview":"max-video-preview:-1"},"canonical":"https:\/\/news.access4you.io\/en\/2024\/08\/09\/lang-barbara-interju\/","og_locale":"en_US","og_type":"article","og_title":"Interj\u00fa Lang Barbar\u00e1val, a Lucababa blog \u00edr\u00f3j\u00e1val - Access4you H\u00edrek","og_description":"Interj\u00fankban Lang Barbar\u00e1val besz\u00e9lgett\u00fcnk az inkl\u00fazi\u00f3r\u00f3l, az akad\u00e1lymentess\u00e9gr\u0151l \u00e9s h\u00e9tk\u00f6znapjair\u00f3l halmozottan s\u00e9r\u00fclt kisl\u00e1ny\u00e1val.","og_url":"https:\/\/news.access4you.io\/en\/2024\/08\/09\/lang-barbara-interju\/","og_site_name":"Access4you H\u00edrek","article_published_time":"2024-08-09T13:10:40+00:00","article_modified_time":"2024-08-09T13:10:41+00:00","og_image":[{"width":1440,"height":500,"url":"https:\/\/news.access4you.io\/wp-content\/uploads\/2024\/08\/Sangita-interview.png","type":"image\/png"}],"author":"access4you","twitter_card":"summary_large_image","twitter_misc":{"Written by":"access4you","Est. reading time":"8 minutes"},"schema":{"@context":"https:\/\/schema.org","@graph":[{"@type":"Article","@id":"https:\/\/news.access4you.io\/2024\/08\/09\/lang-barbara-interju\/#article","isPartOf":{"@id":"https:\/\/news.access4you.io\/2024\/08\/09\/lang-barbara-interju\/"},"author":{"name":"access4you","@id":"https:\/\/news.access4you.io\/#\/schema\/person\/cb4fff088aa5f5f43a6f4ce3a1e2e084"},"headline":"Interj\u00fa Lang Barbar\u00e1val, a Lucababa blog \u00edr\u00f3j\u00e1val","datePublished":"2024-08-09T13:10:40+00:00","dateModified":"2024-08-09T13:10:41+00:00","mainEntityOfPage":{"@id":"https:\/\/news.access4you.io\/2024\/08\/09\/lang-barbara-interju\/"},"wordCount":2063,"publisher":{"@id":"https:\/\/news.access4you.io\/#organization"},"image":{"@id":"https:\/\/news.access4you.io\/2024\/08\/09\/lang-barbara-interju\/#primaryimage"},"thumbnailUrl":"https:\/\/news.access4you.io\/wp-content\/uploads\/2024\/08\/Sangita-interview.png","keywords":["akad\u00e1lymentess\u00e9g","Inkl\u00fazi\u00f3","Interj\u00fa","lucababa"],"articleSection":["Blog"],"inLanguage":"en-US"},{"@type":"WebPage","@id":"https:\/\/news.access4you.io\/2024\/08\/09\/lang-barbara-interju\/","url":"https:\/\/news.access4you.io\/2024\/08\/09\/lang-barbara-interju\/","name":"Interj\u00fa Lang Barbar\u00e1val, a Lucababa blog \u00edr\u00f3j\u00e1val - Access4you H\u00edrek","isPartOf":{"@id":"https:\/\/news.access4you.io\/#website"},"primaryImageOfPage":{"@id":"https:\/\/news.access4you.io\/2024\/08\/09\/lang-barbara-interju\/#primaryimage"},"image":{"@id":"https:\/\/news.access4you.io\/2024\/08\/09\/lang-barbara-interju\/#primaryimage"},"thumbnailUrl":"https:\/\/news.access4you.io\/wp-content\/uploads\/2024\/08\/Sangita-interview.png","datePublished":"2024-08-09T13:10:40+00:00","dateModified":"2024-08-09T13:10:41+00:00","description":"Interj\u00fankban Lang Barbar\u00e1val besz\u00e9lgett\u00fcnk az inkl\u00fazi\u00f3r\u00f3l, az akad\u00e1lymentess\u00e9gr\u0151l \u00e9s h\u00e9tk\u00f6znapjair\u00f3l halmozottan s\u00e9r\u00fclt kisl\u00e1ny\u00e1val.","breadcrumb":{"@id":"https:\/\/news.access4you.io\/2024\/08\/09\/lang-barbara-interju\/#breadcrumb"},"inLanguage":"en-US","potentialAction":[{"@type":"ReadAction","target":["https:\/\/news.access4you.io\/2024\/08\/09\/lang-barbara-interju\/"]}]},{"@type":"ImageObject","inLanguage":"en-US","@id":"https:\/\/news.access4you.io\/2024\/08\/09\/lang-barbara-interju\/#primaryimage","url":"https:\/\/news.access4you.io\/wp-content\/uploads\/2024\/08\/Sangita-interview.png","contentUrl":"https:\/\/news.access4you.io\/wp-content\/uploads\/2024\/08\/Sangita-interview.png","width":1440,"height":500,"caption":"A k\u00e9p vil\u00e1gosk\u00e9k h\u00e1tt\u00e9ren l\u00e1that\u00f3, k\u00f6zep\u00e9n a \"Interj\u00fa Lang Barbar\u00e1val\" felirattal. A k\u00e9p bal oldal\u00e1n egy laptopon g\u00e9pel\u0151 kezek l\u00e1that\u00f3k, k\u00f6r\u00fcl\u00f6tt\u00fck apr\u00f3 irodai t\u00e1rgyakkal, mint p\u00e9ld\u00e1ul egy jegyzetlap, egy cs\u00e9sze \u00e9s n\u00e9h\u00e1ny n\u00f6v\u00e9ny. A \"access4you\" log\u00f3 a sz\u00f6veg felett helyezkedik el k\u00f6z\u00e9pen. A k\u00e9p jobb oldal\u00e1n t\u00f6bb ikon tal\u00e1lhat\u00f3, amelyek k\u00fcl\u00f6nb\u00f6z\u0151 akad\u00e1lymentess\u00e9gi jellemz\u0151ket jel\u00f6lnek, p\u00e9ld\u00e1ul kerekessz\u00e9k hozz\u00e1f\u00e9r\u00e9st, l\u00e1t\u00e1s- \u00e9s hall\u00e1sk\u00e1rosod\u00e1st, \u00e9s m\u00e1sokat."},{"@type":"BreadcrumbList","@id":"https:\/\/news.access4you.io\/2024\/08\/09\/lang-barbara-interju\/#breadcrumb","itemListElement":[{"@type":"ListItem","position":1,"name":"Kezd\u0151lap","item":"https:\/\/news.access4you.io\/"},{"@type":"ListItem","position":2,"name":"Interj\u00fa Lang Barbar\u00e1val, a Lucababa blog \u00edr\u00f3j\u00e1val"}]},{"@type":"WebSite","@id":"https:\/\/news.access4you.io\/#website","url":"https:\/\/news.access4you.io\/","name":"Access4you H\u00edrek","description":"","publisher":{"@id":"https:\/\/news.access4you.io\/#organization"},"potentialAction":[{"@type":"SearchAction","target":{"@type":"EntryPoint","urlTemplate":"https:\/\/news.access4you.io\/?s={search_term_string}"},"query-input":{"@type":"PropertyValueSpecification","valueRequired":true,"valueName":"search_term_string"}}],"inLanguage":"en-US"},{"@type":"Organization","@id":"https:\/\/news.access4you.io\/#organization","name":"Access4you H\u00edrek","url":"https:\/\/news.access4you.io\/","logo":{"@type":"ImageObject","inLanguage":"en-US","@id":"https:\/\/news.access4you.io\/#\/schema\/logo\/image\/","url":"https:\/\/news.access4you.io\/wp-content\/uploads\/2021\/01\/a4u-logo-black.png","contentUrl":"https:\/\/news.access4you.io\/wp-content\/uploads\/2021\/01\/a4u-logo-black.png","width":726,"height":454,"caption":"Access4you H\u00edrek"},"image":{"@id":"https:\/\/news.access4you.io\/#\/schema\/logo\/image\/"}},{"@type":"Person","@id":"https:\/\/news.access4you.io\/#\/schema\/person\/cb4fff088aa5f5f43a6f4ce3a1e2e084","name":"access4you","image":{"@type":"ImageObject","inLanguage":"en-US","@id":"https:\/\/news.access4you.io\/#\/schema\/person\/image\/","url":"https:\/\/secure.gravatar.com\/avatar\/9795a8b3afc7ed258d167a92dbb1075b37bab5bc83b1ac9182ff4f58c22040b8?s=96&d=mm&r=g","contentUrl":"https:\/\/secure.gravatar.com\/avatar\/9795a8b3afc7ed258d167a92dbb1075b37bab5bc83b1ac9182ff4f58c22040b8?s=96&d=mm&r=g","caption":"access4you"},"sameAs":["http:\/\/localhost\/access4you"],"url":"https:\/\/news.access4you.io\/en\/author\/access4you\/"}]}},"_links":{"self":[{"href":"https:\/\/news.access4you.io\/en\/wp-json\/wp\/v2\/posts\/4978","targetHints":{"allow":["GET"]}}],"collection":[{"href":"https:\/\/news.access4you.io\/en\/wp-json\/wp\/v2\/posts"}],"about":[{"href":"https:\/\/news.access4you.io\/en\/wp-json\/wp\/v2\/types\/post"}],"author":[{"embeddable":true,"href":"https:\/\/news.access4you.io\/en\/wp-json\/wp\/v2\/users\/1"}],"replies":[{"embeddable":true,"href":"https:\/\/news.access4you.io\/en\/wp-json\/wp\/v2\/comments?post=4978"}],"version-history":[{"count":8,"href":"https:\/\/news.access4you.io\/en\/wp-json\/wp\/v2\/posts\/4978\/revisions"}],"predecessor-version":[{"id":4987,"href":"https:\/\/news.access4you.io\/en\/wp-json\/wp\/v2\/posts\/4978\/revisions\/4987"}],"wp:featuredmedia":[{"embeddable":true,"href":"https:\/\/news.access4you.io\/en\/wp-json\/wp\/v2\/media\/4979"}],"wp:attachment":[{"href":"https:\/\/news.access4you.io\/en\/wp-json\/wp\/v2\/media?parent=4978"}],"wp:term":[{"taxonomy":"category","embeddable":true,"href":"https:\/\/news.access4you.io\/en\/wp-json\/wp\/v2\/categories?post=4978"},{"taxonomy":"post_tag","embeddable":true,"href":"https:\/\/news.access4you.io\/en\/wp-json\/wp\/v2\/tags?post=4978"}],"curies":[{"name":"wp","href":"https:\/\/api.w.org\/{rel}","templated":true}]}}