{"id":5016,"date":"2024-09-27T12:57:07","date_gmt":"2024-09-27T12:57:07","guid":{"rendered":"https:\/\/news.access4you.io\/?p=5016"},"modified":"2024-09-27T12:57:08","modified_gmt":"2024-09-27T12:57:08","slug":"szalay-orsolya-az-access4you-tanusitvanyai-jelzik-hol-all-keszen-az-erste-bank-az-europai-akadalymentessegi-direktiva-kovetelmenyeire","status":"publish","type":"post","link":"https:\/\/news.access4you.io\/en\/2024\/09\/27\/szalay-orsolya-az-access4you-tanusitvanyai-jelzik-hol-all-keszen-az-erste-bank-az-europai-akadalymentessegi-direktiva-kovetelmenyeire\/","title":{"rendered":"Szalay Orsolya: Az Access4you tan\u00fas\u00edtv\u00e1nyai jelzik, hol \u00e1ll k\u00e9szen az Erste Bank az Eur\u00f3pai akad\u00e1lymentess\u00e9gi direkt\u00edva k\u00f6vetelm\u00e9nyeire."},"content":{"rendered":"<hr class=\"wp-block-separator has-alpha-channel-opacity\"\/>\n\n\n\n<p>Az akad\u00e1lymentess\u00e9g \u00e9s a fogyat\u00e9koss\u00e1ggal \u00e9l\u0151 emberek inkluzi\u00f3ja egyre nagyobb hangs\u00falyt \u00e9s figyelmet kap az \u00fczelti \u00e9letben is, k\u00fcl\u00f6n\u00f6s\u00f6n Eur\u00f3p\u00e1ban. Ezek k\u00f6z\u00e9 sorolhatjuk az Eur\u00f3pai akad\u00e1lymentess\u00e9gi direkt\u00edv\u00e1t, amely rengeteg szolg\u00e1ltat\u00e1st \u00e9rint, \u00edgy a banki szektort is. Ez\u00e9rt egyik \u00fcgyfel\u00fcnk, az Erste Bank Hungary Social Banking \u00e9s Soksz\u00edn\u0171s\u00e9gi vezet\u0151j\u00e9t, <a href=\"https:\/\/www.linkedin.com\/in\/orsolya-szalay-b6274b22\/\">Szalay Orsoly\u00e1t<\/a> k\u00e9rdezt\u00fck fenntarthat\u00f3s\u00e1g \u00e9s inkl\u00fazi\u00f3 t\u00e9m\u00e1ban.<br><br><\/p>\n\n\n\n<h4 class=\"wp-block-heading\"><strong>Hogyan integr\u00e1lja az Erste Bank Hungary a t\u00e1rsadalmi fenntarthat\u00f3s\u00e1got \u00fczleti strat\u00e9gi\u00e1j\u00e1ba? Milyen szerepet j\u00e1tszanak a szoci\u00e1lis banki tev\u00e9kenys\u00e9gek az eml\u00edtett c\u00e9lok el\u00e9r\u00e9s\u00e9ben?<\/strong><br><br><\/h4>\n\n\n\n<p>Abban a szil\u00e1rd meggy\u0151z\u0151d\u00e9sben, hogy mindenkivel m\u00e9lt\u00f3s\u00e1ggal \u00e9s tisztelettel kell b\u00e1nni, az Erste 200 \u00e9vvel ezel\u0151tt az\u00e9rt j\u00f6tt l\u00e9tre,&nbsp; hogy \u2013 st\u00e1tusz, nemzetis\u00e9g, hit, nem, \u00e9letkor stb. megk\u00fcl\u00f6nb\u00f6ztet\u00e9s n\u00e9lk\u00fcl \u2013 mindenki sz\u00e1m\u00e1ra hozz\u00e1f\u00e9r\u00e9st biztos\u00edtson a j\u00f3l\u00e9thez. A j\u00f3l\u00e9t terjeszt\u00e9se \u00e9s biztos\u00edt\u00e1sa mindenki sz\u00e1m\u00e1ra a c\u00e9lunk \u00e9s mindig is az lesz. Bonyolult vil\u00e1gunkban ez\u00e9rt az Erste Hungary t\u00f6bb szeretne lenni, mint egy p\u00e9nz\u00fcgyi megold\u00e1sokat ny\u00fajt\u00f3 \u00fczleti v\u00e1llalkoz\u00e1s, val\u00f3j\u00e1ban ugyanis \u00e9lethelyzetekre k\u00edn\u00e1l megold\u00e1st. J\u00f6v\u0151k\u00e9p\u00fcnk egyik kulcsmondata: &#8222;A banki \u00e9s befektet\u00e9si szolg\u00e1ltat\u00e1saink mellett t\u00e1rsadalmi felel\u0151ss\u00e9gv\u00e1llal\u00e1sunkkal is bizony\u00edtjuk \u00fcgyfeleink \u00e9s Magyarorsz\u00e1g ir\u00e1nti elk\u00f6telezetts\u00e9g\u00fcnket.&#8221; Hisz\u00fcnk abban, hogy a bankra a j\u00f6v\u0151ben nem p\u00e9nzint\u00e9zetnek tekintik majd, hanem olyan int\u00e9zm\u00e9nynek, amely a r\u00e9gi\u00f3 lakoss\u00e1g\u00e1nak, illetve profitorient\u00e1lt \u00e9s non-profit szervezeteinek p\u00e9nz\u00fcgyeit, boldogul\u00e1s\u00e1t helyezi el\u0151t\u00e9rbe.<\/p>\n\n\n\n<p>A t\u00e1rsadalmi-k\u00f6rnyezeti t\u00e9m\u00e1k elemz\u00e9se szolg\u00e1lt alapul az Erste Csoport hossz\u00fa t\u00e1v\u00fa ESG strat\u00e9gi\u00e1j\u00e1hoz, c\u00e9lkit\u0171z\u00e9seihez \u00e9s keretrendszer\u00e9hez. Az Erste Csoport Social Banking \u00fczlet\u00e1g\u00e1n kereszt\u00fcl tov\u00e1bbra is vezet\u0151 szerepet t\u00f6lt be a neh\u00e9z helyzetben l\u00e9v\u0151 civil szervezetek, startupok \u00e9s mag\u00e1nszem\u00e9lyek p\u00e9nz\u00fcgyi szolg\u00e1ltat\u00e1sainak ny\u00fajt\u00e1s\u00e1ban. A szoci\u00e1lis banki kezdem\u00e9nyez\u00e9sek a p\u00e9nz\u00fcgyileg kirekesztett vagy kiszolg\u00e1ltatott mag\u00e1nszem\u00e9lyekre (a szeg\u00e9nys\u00e9g vagy t\u00e1rsadalmi kirekeszt\u00e9s kock\u00e1zat\u00e1nak kitett szem\u00e9lyekre), az indul\u00f3 \u00e9s mikrov\u00e1llalkoz\u00f3kra, valamint a t\u00e1rsadalmi szervezetekre (nonprofit szektor, nem korm\u00e1nyzati szervezetek \u00e9s szoci\u00e1lis v\u00e1llalkoz\u00e1sok) \u00f6sszpontos\u00edtanak az\u00e1ltal, hogy tisztess\u00e9ges hozz\u00e1f\u00e9r\u00e9st biztos\u00edtanak sz\u00e1mukra a p\u00e9nz\u00fcgyi term\u00e9kekhez, valamint megb\u00edzhat\u00f3 p\u00e9nz\u00fcgyi tan\u00e1csad\u00e1st, \u00fczleti k\u00e9pz\u00e9st \u00e9s mentor\u00e1l\u00e1st ny\u00fajtanak.<br><br><\/p>\n\n\n\n<h4 class=\"wp-block-heading\"><strong>Mi\u00e9rt fontos az Erste Bank Hungary sz\u00e1m\u00e1ra az akad\u00e1lymentess\u00e9g? Hogyan illeszkedik ez a soksz\u00edn\u0171 \u00fcgyf\u00e9lk\u00f6rnek ny\u00fajtott szolg\u00e1ltat\u00e1sokra vonatkoz\u00f3 kezdem\u00e9nyez\u00e9sekhez?<\/strong><br><br><\/h4>\n\n\n\n<p>A soksz\u00edn\u0171s\u00e9g val\u00f3di ereje akkor fog kibontakozni, ha az egy\u00e9ni k\u00fcl\u00f6nbs\u00e9gekt\u0151l f\u00fcggetlen\u00fcl egy mindenki sz\u00e1m\u00e1ra befogad\u00f3 hely az Erste, legyen az bankfi\u00f3k, digit\u00e1lis fel\u00fclet vagy munkahely.<\/p>\n\n\n\n<p>Ezen ir\u00e1nyvonal k\u00f6vet\u00e9s\u00e9hez fontos felismerni azokat a ter\u00fcleteket, ahol fejl\u0151dn\u00fcnk kell, \u00e9s ahol a jelenlegi helyzet kapcs\u00e1n folyamatosan tenn\u00fcnk kell a v\u00e1ltoz\u00e1s\u00e9rt. Ilyen ter\u00fclet az akad\u00e1lymentess\u00e9g is, melyet mind \u00fcgyfeleink, mind koll\u00e9g\u00e1ink r\u00e9sz\u00e9re igyeksz\u00fcnk egyre teljesebb\u00e9 tenni. Folyamatosan dolgozunk a fizikai \u00e9s digit\u00e1lis akad\u00e1lymentes\u00edt\u00e9sen, Vil\u00e1gos besz\u00e9d-programunkkal egyszer\u0171s\u00edtj\u00fck a bonyolult banki nyelvezetet, folyamatainkat, kommunik\u00e1ci\u00f3nkat k\u00f6nnyen \u00e9rthet\u0151v\u00e9 alak\u00edtjuk.<br><br><\/p>\n\n\n\n<h4 class=\"wp-block-heading\"><strong>Mi\u00e9rt d\u00f6nt\u00f6ttetek az Access4you mellett? Hogyan befoly\u00e1solja az Erste Bank Hungary transzparenci\u00e1j\u00e1t \u00e9s fogyaszt\u00f3i bizalmat az Access4you tanus\u00edtv\u00e1nya?<\/strong><br><br><\/h4>\n\n\n\n<p>Az Access4you egyed\u00fcl\u00e1ll\u00f3 szolg\u00e1ltat\u00e1st ny\u00fajt sz\u00e1munkra a fizikai akad\u00e1lymentes\u00edt\u00e9si t\u00f6rekv\u00e9seinkben. Objekt\u00edv m\u00e9r\u00e9si szempontok alapj\u00e1n vizsg\u00e1lj\u00e1k fi\u00f3kjaink akad\u00e1lymentess\u00e9g\u00e9t, visszajelz\u00e9seikben javaslatot is kapunk a lehets\u00e9ges megold\u00e1sokra, valamint folyamatos konzult\u00e1ci\u00f3val seg\u00edtik gondolkod\u00e1sunkat, tervez\u00e9s\u00fcnket. A fi\u00f3ki tan\u00fas\u00edtv\u00e1nyokkal jelezz\u00fck \u00fcgyfeleink sz\u00e1m\u00e1ra, hogy az Erst\u00e9ben az akad\u00e1lymentes\u00edt\u00e9s nem csak elvben, hanem a gyakorlatban is t\u00f6rt\u00e9nik.<br><br>\u00a0<\/p>\n\n\n\n<h4 class=\"wp-block-heading\"><strong>Hogy seg\u00edt az Access4you tanus\u00edtv\u00e1ny az ESG k\u00f6telezetts\u00e9gek eset\u00e9ben? Milyen hossz\u00fat\u00e1v\u00fa c\u00e9lokr\u00f3l besz\u00e9lhet\u00fcnk t\u00e1rsadalmi felel\u0151ss\u00e9gv\u00e1llal\u00e1s \u00e9s brand szempontj\u00e1b\u00f3l ezzel kapcsolatban?<\/strong><br><br><\/h4>\n\n\n\n<p>A t\u00e1rsadalmi felel\u0151ss\u00e9gv\u00e1llal\u00e1s az ESG k\u00f6telezetts\u00e9gek \u201eS\u201d r\u00e9sze al\u00e1 tartozik \u00e9s mint ilyen, egy komplex rendszer r\u00e9sze. A tan\u00fas\u00edtv\u00e1nyok megl\u00e9te egy objekt\u00edv, szak\u00e9rt\u0151i csapat \u00e1ltali elismer\u00e9s \u00e9s bizony\u00edt\u00e9k arra a munk\u00e1ra, amit az el\u00e9rhet\u0151, akad\u00e1lyokt\u00f3l mentes mindennapi bankol\u00e1s\u00e9rt tesz\u00fcnk. A piaci szerepl\u0151k \u2013 \u00e9s nem csak a bankok \u2013 el\u0151nyt \u00e9lvezhetnek azzal, ha a tan\u00fas\u00edtottak \u201ecsal\u00e1dj\u00e1ba\u201d tartoznak, hiszen az \u00e9rintett \u00fcgyfelek k\u00f6nnyen azonos\u00edthatj\u00e1k az Access4you honlapj\u00e1n, hova \u00e9rdemes menni\u00fck, ahol biztosan akad\u00e1lyokt\u00f3l mentesen \u00e9lhetik a mindennapjaikat, legyen sz\u00f3 sportr\u00f3l, bankol\u00e1sr\u00f3l vagy wellnessr\u0151l.<br><br><\/p>\n\n\n\n<h4 class=\"wp-block-heading\"><strong>Hogy k\u00e9sz\u00fcl az Erste Bank Hungary a hamarosan \u00e9rv\u00e9nybe l\u00e9p\u0151 European accessibility act (EAA) \u00e1ltal fel\u00e1ll\u00edtott k\u00f6vetelm\u00e9ny teljes\u00edt\u00e9s\u00e9re? Hogy seg\u00edt ebben az Access4you tanus\u00edtv\u00e1ny?<\/strong><br><br><\/h4>\n\n\n\n<p>A bank eg\u00e9sz\u00e9t \u00e1tfog\u00f3 munk\u00e1latok gyakorlatilag a t\u00f6rv\u00e9ny magyarorsz\u00e1gi \u00e9letbe l\u00e9p\u00e9se \u00f3ta folynak. A t\u00f6rv\u00e9ny sz\u00f6vege alapj\u00e1n azonos\u00edtottuk az \u00e9rintett ter\u00fcleteket, feladatokat, amelyeket \u00fctemezetten v\u00e9gz\u00fcnk el. Itt igen hasznos tan\u00e1csad\u00f3ink azok a k\u00fcls\u0151 auditorok \u2013 \u00edgy az A4U is -, akik szak\u00e9rt\u0151k\u00e9nt seg\u00edtik munk\u00e1nkat, seg\u00edtik esetleges k\u00e9rd\u00e9seink megv\u00e1laszol\u00e1s\u00e1t. Mivel a t\u00f6rv\u00e9ny sz\u00e1mos ponton \u00e9rinti a fi\u00f3ki, ATM-h\u00e1l\u00f3zati elv\u00e1r\u00e1sokat is, az A4U tan\u00fas\u00edtv\u00e1nyai egy\u00e9rtelm\u0171v\u00e9 teszik, hogy hol \u00e1ll m\u00e1r k\u00e9szen a bank a megfelel\u0151s\u00e9gi feladatra.\u00a0<br><br><\/p>\n\n\n\n<h4 class=\"wp-block-heading\"><strong>Mik az Erste Bank Hungary j\u00f6v\u0151beli tervei a t\u00e1rsadalmi fenntarthat\u00f3s\u00e1g \u00e1s akad\u00e1lymentess\u00e9g kapcs\u00e1n?<\/strong><br><br><\/h4>\n\n\n\n<p>A Social Banking \u00fczlet\u00e1g folytatja \u00e9s fejleszti programjait a leg\u00e9get\u0151bb t\u00e1rsadalmi k\u00e9rd\u00e9sek ment\u00e9n, hiszen p\u00e9nz\u00fcgyi mentork\u00e9nt a lakoss\u00e1gi \u00e9s a civil szektor t\u00e1mogat\u00e1sa is feladatunk. Az akad\u00e1lymentess\u00e9g kapcs\u00e1n sem pihen\u00fcnk meg az EAA \u00e9letbe l\u00e9p\u00e9s\u00e9t k\u00f6vet\u0151en, hiszen a m\u0171k\u00f6d\u00e9s\u00fcnk r\u00e9szek\u00e9nt folyamatosan fejlesztj\u00fck is fizikai \u00e9s virtu\u00e1lis fel\u00fcleteinket.\u00a0<br><br><\/p>\n\n\n\n<h4 class=\"wp-block-heading\"><strong>Lenne m\u00e9g b\u00e1rmi, amit szivesen megeml\u00edten\u00e9l b\u00e1rmely t\u00e9m\u00e1val kapcsolatban?<\/strong><br><br><\/h4>\n\n\n\n<p>Az Erste Bank misszi\u00f3j\u00e1nak szerves r\u00e9sze az Erste Social Banking. Arra t\u00f6reksz\u00fcnk, hogy pozit\u00edv hat\u00e1st gyakoroljunk a k\u00f6z\u00f6ss\u00e9gre, ami t\u00falmutat a hagyom\u00e1nyos szoci\u00e1lis munk\u00e1n \u00e9s adom\u00e1nyoz\u00e1son.<\/p>\n\n\n\n<p>Egyik f\u0151 c\u00e9lunk annak biztos\u00edt\u00e1sa, hogy a fogyat\u00e9koss\u00e1ggal \u00e9l\u0151 emberek egyenl\u0151 es\u00e9llyel f\u00e9rjenek hozz\u00e1 szolg\u00e1ltat\u00e1sainkhoz. K\u00f6zel 5 \u00e9ve folyamatosan egy\u00fcttm\u0171k\u00f6d\u00fcnk az Access4you-val annak \u00e9rdek\u00e9ben, hogy min\u00e9l t\u00f6bb fi\u00f3kunkat akad\u00e1lymentesebb\u00e9 tegy\u00fck, \u00e9s r\u00e9szletes \u00e9s megb\u00edzhat\u00f3 inform\u00e1ci\u00f3kkal szolg\u00e1ljunk az akad\u00e1lymentess\u00e9gr\u0151l. Ez nemcsak az\u00e9rt fontos, mert ez a helyes dolog, hanem az\u00e9rt is, mert seg\u00edt teljes\u00edteni a jogi k\u00f6vetelm\u00e9nyekkel \u00e9s a t\u00e1rsadalmi fenntarthat\u00f3s\u00e1gi c\u00e9lokkal val\u00f3 \u00f6sszhangot.<\/p>\n\n\n\n<hr class=\"wp-block-separator has-alpha-channel-opacity\"\/>\n\n\n\n<p>K\u00f6sz\u00f6nj\u00fck sz\u00e9pen az interj\u00fat Szalay Orsoly\u00e1nak \u00e9s az Este Bank Hungary-nek!<\/p>\n\n\n\n<p><\/p>","protected":false},"excerpt":{"rendered":"<p>Az akad\u00e1lymentess\u00e9g \u00e9s a fogyat\u00e9koss\u00e1ggal \u00e9l\u0151 emberek inkluzi\u00f3ja egyre nagyobb hangs\u00falyt \u00e9s figyelmet kap az \u00fczelti \u00e9letben is, k\u00fcl\u00f6n\u00f6s\u00f6n Eur\u00f3p\u00e1ban. Ezek k\u00f6z\u00e9 sorolhatjuk az Eur\u00f3pai akad\u00e1lymentess\u00e9gi direkt\u00edv\u00e1t, amely rengeteg szolg\u00e1ltat\u00e1st \u00e9rint, \u00edgy a banki szektort is. Ez\u00e9rt egyik \u00fcgyfel\u00fcnk, az Erste Bank Hungary Social Banking \u00e9s Soksz\u00edn\u0171s\u00e9gi vezet\u0151j\u00e9t, Szalay Orsoly\u00e1t k\u00e9rdezt\u00fck fenntarthat\u00f3s\u00e1g \u00e9s inkl\u00fazi\u00f3 t\u00e9m\u00e1ban. [&hellip;]<\/p>","protected":false},"author":1,"featured_media":5017,"comment_status":"closed","ping_status":"closed","sticky":false,"template":"","format":"standard","meta":{"footnotes":""},"categories":[10,1],"tags":[7,110,126,139],"class_list":["post-5016","post","type-post","status-publish","format-standard","has-post-thumbnail","hentry","category-blog","category-rovat","tag-access4you","tag-esg","tag-tarsdalmi-fenntarthatosag","tag-erste-bank"],"yoast_head":"<!-- This site is optimized with the Yoast SEO plugin v23.8 - https:\/\/yoast.com\/wordpress\/plugins\/seo\/ -->\n<title>Szalay Orsolya: Az Access4you tan\u00fas\u00edtv\u00e1nyai jelzik, hol \u00e1ll k\u00e9szen az Erste Bank az Eur\u00f3pai akad\u00e1lymentess\u00e9gi direkt\u00edva k\u00f6vetelm\u00e9nyeire. - Access4you H\u00edrek<\/title>\n<meta name=\"description\" content=\"Szalay Orsoly\u00e1t, az Erste Bank Social Banking \u00e9s Soksz\u00edn\u0171s\u00e9gi Vezet\u0151j\u00e9t k\u00e9rdezt\u00fck akad\u00e1lymentess\u00e9g, fenntarthat\u00f3s\u00e1g \u00e9s EAA t\u00e9m\u00e1ban.\" \/>\n<meta name=\"robots\" content=\"index, follow, max-snippet:-1, max-image-preview:large, max-video-preview:-1\" \/>\n<link rel=\"canonical\" href=\"https:\/\/news.access4you.io\/en\/2024\/09\/27\/szalay-orsolya-az-access4you-tanusitvanyai-jelzik-hol-all-keszen-az-erste-bank-az-europai-akadalymentessegi-direktiva-kovetelmenyeire\/\" \/>\n<meta property=\"og:locale\" content=\"en_US\" \/>\n<meta property=\"og:type\" content=\"article\" \/>\n<meta property=\"og:title\" content=\"Szalay Orsolya: Az Access4you tan\u00fas\u00edtv\u00e1nyai jelzik, hol \u00e1ll k\u00e9szen az Erste Bank az Eur\u00f3pai akad\u00e1lymentess\u00e9gi direkt\u00edva k\u00f6vetelm\u00e9nyeire. - Access4you H\u00edrek\" \/>\n<meta property=\"og:description\" content=\"Szalay Orsoly\u00e1t, az Erste Bank Social Banking \u00e9s Soksz\u00edn\u0171s\u00e9gi Vezet\u0151j\u00e9t k\u00e9rdezt\u00fck akad\u00e1lymentess\u00e9g, fenntarthat\u00f3s\u00e1g \u00e9s EAA t\u00e9m\u00e1ban.\" \/>\n<meta property=\"og:url\" content=\"https:\/\/news.access4you.io\/en\/2024\/09\/27\/szalay-orsolya-az-access4you-tanusitvanyai-jelzik-hol-all-keszen-az-erste-bank-az-europai-akadalymentessegi-direktiva-kovetelmenyeire\/\" \/>\n<meta property=\"og:site_name\" content=\"Access4you H\u00edrek\" \/>\n<meta property=\"article:published_time\" content=\"2024-09-27T12:57:07+00:00\" \/>\n<meta property=\"article:modified_time\" content=\"2024-09-27T12:57:08+00:00\" \/>\n<meta property=\"og:image\" content=\"https:\/\/news.access4you.io\/wp-content\/uploads\/2024\/09\/Szalay-Orsi-interju.png\" \/>\n\t<meta property=\"og:image:width\" content=\"1440\" \/>\n\t<meta property=\"og:image:height\" content=\"500\" \/>\n\t<meta property=\"og:image:type\" content=\"image\/png\" \/>\n<meta name=\"author\" content=\"access4you\" \/>\n<meta name=\"twitter:card\" content=\"summary_large_image\" \/>\n<meta name=\"twitter:label1\" content=\"Written by\" \/>\n\t<meta name=\"twitter:data1\" content=\"access4you\" \/>\n\t<meta name=\"twitter:label2\" content=\"Est. reading time\" \/>\n\t<meta name=\"twitter:data2\" content=\"5 minutes\" \/>\n<script type=\"application\/ld+json\" class=\"yoast-schema-graph\">{\"@context\":\"https:\/\/schema.org\",\"@graph\":[{\"@type\":\"Article\",\"@id\":\"https:\/\/news.access4you.io\/2024\/09\/27\/szalay-orsolya-az-access4you-tanusitvanyai-jelzik-hol-all-keszen-az-erste-bank-az-europai-akadalymentessegi-direktiva-kovetelmenyeire\/#article\",\"isPartOf\":{\"@id\":\"https:\/\/news.access4you.io\/2024\/09\/27\/szalay-orsolya-az-access4you-tanusitvanyai-jelzik-hol-all-keszen-az-erste-bank-az-europai-akadalymentessegi-direktiva-kovetelmenyeire\/\"},\"author\":{\"name\":\"access4you\",\"@id\":\"https:\/\/news.access4you.io\/#\/schema\/person\/cb4fff088aa5f5f43a6f4ce3a1e2e084\"},\"headline\":\"Szalay Orsolya: Az Access4you tan\u00fas\u00edtv\u00e1nyai jelzik, hol \u00e1ll k\u00e9szen az Erste Bank az Eur\u00f3pai akad\u00e1lymentess\u00e9gi direkt\u00edva k\u00f6vetelm\u00e9nyeire.\",\"datePublished\":\"2024-09-27T12:57:07+00:00\",\"dateModified\":\"2024-09-27T12:57:08+00:00\",\"mainEntityOfPage\":{\"@id\":\"https:\/\/news.access4you.io\/2024\/09\/27\/szalay-orsolya-az-access4you-tanusitvanyai-jelzik-hol-all-keszen-az-erste-bank-az-europai-akadalymentessegi-direktiva-kovetelmenyeire\/\"},\"wordCount\":1408,\"publisher\":{\"@id\":\"https:\/\/news.access4you.io\/#organization\"},\"image\":{\"@id\":\"https:\/\/news.access4you.io\/2024\/09\/27\/szalay-orsolya-az-access4you-tanusitvanyai-jelzik-hol-all-keszen-az-erste-bank-az-europai-akadalymentessegi-direktiva-kovetelmenyeire\/#primaryimage\"},\"thumbnailUrl\":\"https:\/\/news.access4you.io\/wp-content\/uploads\/2024\/09\/Szalay-Orsi-interju.png\",\"keywords\":[\"Access4You\",\"ESG\",\"T\u00e1rsdalmi Fenntarthat\u00f3s\u00e1g\",\"Erste Bank\"],\"articleSection\":[\"Blog\",\"Rovat\"],\"inLanguage\":\"en-US\"},{\"@type\":\"WebPage\",\"@id\":\"https:\/\/news.access4you.io\/2024\/09\/27\/szalay-orsolya-az-access4you-tanusitvanyai-jelzik-hol-all-keszen-az-erste-bank-az-europai-akadalymentessegi-direktiva-kovetelmenyeire\/\",\"url\":\"https:\/\/news.access4you.io\/2024\/09\/27\/szalay-orsolya-az-access4you-tanusitvanyai-jelzik-hol-all-keszen-az-erste-bank-az-europai-akadalymentessegi-direktiva-kovetelmenyeire\/\",\"name\":\"Szalay Orsolya: Az Access4you tan\u00fas\u00edtv\u00e1nyai jelzik, hol \u00e1ll k\u00e9szen az Erste Bank az Eur\u00f3pai akad\u00e1lymentess\u00e9gi direkt\u00edva k\u00f6vetelm\u00e9nyeire. - Access4you H\u00edrek\",\"isPartOf\":{\"@id\":\"https:\/\/news.access4you.io\/#website\"},\"primaryImageOfPage\":{\"@id\":\"https:\/\/news.access4you.io\/2024\/09\/27\/szalay-orsolya-az-access4you-tanusitvanyai-jelzik-hol-all-keszen-az-erste-bank-az-europai-akadalymentessegi-direktiva-kovetelmenyeire\/#primaryimage\"},\"image\":{\"@id\":\"https:\/\/news.access4you.io\/2024\/09\/27\/szalay-orsolya-az-access4you-tanusitvanyai-jelzik-hol-all-keszen-az-erste-bank-az-europai-akadalymentessegi-direktiva-kovetelmenyeire\/#primaryimage\"},\"thumbnailUrl\":\"https:\/\/news.access4you.io\/wp-content\/uploads\/2024\/09\/Szalay-Orsi-interju.png\",\"datePublished\":\"2024-09-27T12:57:07+00:00\",\"dateModified\":\"2024-09-27T12:57:08+00:00\",\"description\":\"Szalay Orsoly\u00e1t, az Erste Bank Social Banking \u00e9s Soksz\u00edn\u0171s\u00e9gi Vezet\u0151j\u00e9t k\u00e9rdezt\u00fck akad\u00e1lymentess\u00e9g, fenntarthat\u00f3s\u00e1g \u00e9s EAA t\u00e9m\u00e1ban.\",\"breadcrumb\":{\"@id\":\"https:\/\/news.access4you.io\/2024\/09\/27\/szalay-orsolya-az-access4you-tanusitvanyai-jelzik-hol-all-keszen-az-erste-bank-az-europai-akadalymentessegi-direktiva-kovetelmenyeire\/#breadcrumb\"},\"inLanguage\":\"en-US\",\"potentialAction\":[{\"@type\":\"ReadAction\",\"target\":[\"https:\/\/news.access4you.io\/2024\/09\/27\/szalay-orsolya-az-access4you-tanusitvanyai-jelzik-hol-all-keszen-az-erste-bank-az-europai-akadalymentessegi-direktiva-kovetelmenyeire\/\"]}]},{\"@type\":\"ImageObject\",\"inLanguage\":\"en-US\",\"@id\":\"https:\/\/news.access4you.io\/2024\/09\/27\/szalay-orsolya-az-access4you-tanusitvanyai-jelzik-hol-all-keszen-az-erste-bank-az-europai-akadalymentessegi-direktiva-kovetelmenyeire\/#primaryimage\",\"url\":\"https:\/\/news.access4you.io\/wp-content\/uploads\/2024\/09\/Szalay-Orsi-interju.png\",\"contentUrl\":\"https:\/\/news.access4you.io\/wp-content\/uploads\/2024\/09\/Szalay-Orsi-interju.png\",\"width\":1440,\"height\":500,\"caption\":\"Interj\u00fa Szalay Orsoly\u00e1val\"},{\"@type\":\"BreadcrumbList\",\"@id\":\"https:\/\/news.access4you.io\/2024\/09\/27\/szalay-orsolya-az-access4you-tanusitvanyai-jelzik-hol-all-keszen-az-erste-bank-az-europai-akadalymentessegi-direktiva-kovetelmenyeire\/#breadcrumb\",\"itemListElement\":[{\"@type\":\"ListItem\",\"position\":1,\"name\":\"Kezd\u0151lap\",\"item\":\"https:\/\/news.access4you.io\/\"},{\"@type\":\"ListItem\",\"position\":2,\"name\":\"Szalay Orsolya: Az Access4you tan\u00fas\u00edtv\u00e1nyai jelzik, hol \u00e1ll k\u00e9szen az Erste Bank az Eur\u00f3pai akad\u00e1lymentess\u00e9gi direkt\u00edva k\u00f6vetelm\u00e9nyeire.\"}]},{\"@type\":\"WebSite\",\"@id\":\"https:\/\/news.access4you.io\/#website\",\"url\":\"https:\/\/news.access4you.io\/\",\"name\":\"Access4you H\u00edrek\",\"description\":\"\",\"publisher\":{\"@id\":\"https:\/\/news.access4you.io\/#organization\"},\"potentialAction\":[{\"@type\":\"SearchAction\",\"target\":{\"@type\":\"EntryPoint\",\"urlTemplate\":\"https:\/\/news.access4you.io\/?s={search_term_string}\"},\"query-input\":{\"@type\":\"PropertyValueSpecification\",\"valueRequired\":true,\"valueName\":\"search_term_string\"}}],\"inLanguage\":\"en-US\"},{\"@type\":\"Organization\",\"@id\":\"https:\/\/news.access4you.io\/#organization\",\"name\":\"Access4you H\u00edrek\",\"url\":\"https:\/\/news.access4you.io\/\",\"logo\":{\"@type\":\"ImageObject\",\"inLanguage\":\"en-US\",\"@id\":\"https:\/\/news.access4you.io\/#\/schema\/logo\/image\/\",\"url\":\"https:\/\/news.access4you.io\/wp-content\/uploads\/2021\/01\/a4u-logo-black.png\",\"contentUrl\":\"https:\/\/news.access4you.io\/wp-content\/uploads\/2021\/01\/a4u-logo-black.png\",\"width\":726,\"height\":454,\"caption\":\"Access4you H\u00edrek\"},\"image\":{\"@id\":\"https:\/\/news.access4you.io\/#\/schema\/logo\/image\/\"}},{\"@type\":\"Person\",\"@id\":\"https:\/\/news.access4you.io\/#\/schema\/person\/cb4fff088aa5f5f43a6f4ce3a1e2e084\",\"name\":\"access4you\",\"image\":{\"@type\":\"ImageObject\",\"inLanguage\":\"en-US\",\"@id\":\"https:\/\/news.access4you.io\/#\/schema\/person\/image\/\",\"url\":\"https:\/\/secure.gravatar.com\/avatar\/9795a8b3afc7ed258d167a92dbb1075b37bab5bc83b1ac9182ff4f58c22040b8?s=96&d=mm&r=g\",\"contentUrl\":\"https:\/\/secure.gravatar.com\/avatar\/9795a8b3afc7ed258d167a92dbb1075b37bab5bc83b1ac9182ff4f58c22040b8?s=96&d=mm&r=g\",\"caption\":\"access4you\"},\"sameAs\":[\"http:\/\/localhost\/access4you\"],\"url\":\"https:\/\/news.access4you.io\/en\/author\/access4you\/\"}]}<\/script>\n<!-- \/ Yoast SEO plugin. -->","yoast_head_json":{"title":"Szalay Orsolya: Az Access4you tan\u00fas\u00edtv\u00e1nyai jelzik, hol \u00e1ll k\u00e9szen az Erste Bank az Eur\u00f3pai akad\u00e1lymentess\u00e9gi direkt\u00edva k\u00f6vetelm\u00e9nyeire. - Access4you H\u00edrek","description":"Szalay Orsoly\u00e1t, az Erste Bank Social Banking \u00e9s Soksz\u00edn\u0171s\u00e9gi Vezet\u0151j\u00e9t k\u00e9rdezt\u00fck akad\u00e1lymentess\u00e9g, fenntarthat\u00f3s\u00e1g \u00e9s EAA t\u00e9m\u00e1ban.","robots":{"index":"index","follow":"follow","max-snippet":"max-snippet:-1","max-image-preview":"max-image-preview:large","max-video-preview":"max-video-preview:-1"},"canonical":"https:\/\/news.access4you.io\/en\/2024\/09\/27\/szalay-orsolya-az-access4you-tanusitvanyai-jelzik-hol-all-keszen-az-erste-bank-az-europai-akadalymentessegi-direktiva-kovetelmenyeire\/","og_locale":"en_US","og_type":"article","og_title":"Szalay Orsolya: Az Access4you tan\u00fas\u00edtv\u00e1nyai jelzik, hol \u00e1ll k\u00e9szen az Erste Bank az Eur\u00f3pai akad\u00e1lymentess\u00e9gi direkt\u00edva k\u00f6vetelm\u00e9nyeire. - Access4you H\u00edrek","og_description":"Szalay Orsoly\u00e1t, az Erste Bank Social Banking \u00e9s Soksz\u00edn\u0171s\u00e9gi Vezet\u0151j\u00e9t k\u00e9rdezt\u00fck akad\u00e1lymentess\u00e9g, fenntarthat\u00f3s\u00e1g \u00e9s EAA t\u00e9m\u00e1ban.","og_url":"https:\/\/news.access4you.io\/en\/2024\/09\/27\/szalay-orsolya-az-access4you-tanusitvanyai-jelzik-hol-all-keszen-az-erste-bank-az-europai-akadalymentessegi-direktiva-kovetelmenyeire\/","og_site_name":"Access4you H\u00edrek","article_published_time":"2024-09-27T12:57:07+00:00","article_modified_time":"2024-09-27T12:57:08+00:00","og_image":[{"width":1440,"height":500,"url":"https:\/\/news.access4you.io\/wp-content\/uploads\/2024\/09\/Szalay-Orsi-interju.png","type":"image\/png"}],"author":"access4you","twitter_card":"summary_large_image","twitter_misc":{"Written by":"access4you","Est. reading time":"5 minutes"},"schema":{"@context":"https:\/\/schema.org","@graph":[{"@type":"Article","@id":"https:\/\/news.access4you.io\/2024\/09\/27\/szalay-orsolya-az-access4you-tanusitvanyai-jelzik-hol-all-keszen-az-erste-bank-az-europai-akadalymentessegi-direktiva-kovetelmenyeire\/#article","isPartOf":{"@id":"https:\/\/news.access4you.io\/2024\/09\/27\/szalay-orsolya-az-access4you-tanusitvanyai-jelzik-hol-all-keszen-az-erste-bank-az-europai-akadalymentessegi-direktiva-kovetelmenyeire\/"},"author":{"name":"access4you","@id":"https:\/\/news.access4you.io\/#\/schema\/person\/cb4fff088aa5f5f43a6f4ce3a1e2e084"},"headline":"Szalay Orsolya: Az Access4you tan\u00fas\u00edtv\u00e1nyai jelzik, hol \u00e1ll k\u00e9szen az Erste Bank az Eur\u00f3pai akad\u00e1lymentess\u00e9gi direkt\u00edva k\u00f6vetelm\u00e9nyeire.","datePublished":"2024-09-27T12:57:07+00:00","dateModified":"2024-09-27T12:57:08+00:00","mainEntityOfPage":{"@id":"https:\/\/news.access4you.io\/2024\/09\/27\/szalay-orsolya-az-access4you-tanusitvanyai-jelzik-hol-all-keszen-az-erste-bank-az-europai-akadalymentessegi-direktiva-kovetelmenyeire\/"},"wordCount":1408,"publisher":{"@id":"https:\/\/news.access4you.io\/#organization"},"image":{"@id":"https:\/\/news.access4you.io\/2024\/09\/27\/szalay-orsolya-az-access4you-tanusitvanyai-jelzik-hol-all-keszen-az-erste-bank-az-europai-akadalymentessegi-direktiva-kovetelmenyeire\/#primaryimage"},"thumbnailUrl":"https:\/\/news.access4you.io\/wp-content\/uploads\/2024\/09\/Szalay-Orsi-interju.png","keywords":["Access4You","ESG","T\u00e1rsdalmi Fenntarthat\u00f3s\u00e1g","Erste Bank"],"articleSection":["Blog","Rovat"],"inLanguage":"en-US"},{"@type":"WebPage","@id":"https:\/\/news.access4you.io\/2024\/09\/27\/szalay-orsolya-az-access4you-tanusitvanyai-jelzik-hol-all-keszen-az-erste-bank-az-europai-akadalymentessegi-direktiva-kovetelmenyeire\/","url":"https:\/\/news.access4you.io\/2024\/09\/27\/szalay-orsolya-az-access4you-tanusitvanyai-jelzik-hol-all-keszen-az-erste-bank-az-europai-akadalymentessegi-direktiva-kovetelmenyeire\/","name":"Szalay Orsolya: Az Access4you tan\u00fas\u00edtv\u00e1nyai jelzik, hol \u00e1ll k\u00e9szen az Erste Bank az Eur\u00f3pai akad\u00e1lymentess\u00e9gi direkt\u00edva k\u00f6vetelm\u00e9nyeire. - Access4you H\u00edrek","isPartOf":{"@id":"https:\/\/news.access4you.io\/#website"},"primaryImageOfPage":{"@id":"https:\/\/news.access4you.io\/2024\/09\/27\/szalay-orsolya-az-access4you-tanusitvanyai-jelzik-hol-all-keszen-az-erste-bank-az-europai-akadalymentessegi-direktiva-kovetelmenyeire\/#primaryimage"},"image":{"@id":"https:\/\/news.access4you.io\/2024\/09\/27\/szalay-orsolya-az-access4you-tanusitvanyai-jelzik-hol-all-keszen-az-erste-bank-az-europai-akadalymentessegi-direktiva-kovetelmenyeire\/#primaryimage"},"thumbnailUrl":"https:\/\/news.access4you.io\/wp-content\/uploads\/2024\/09\/Szalay-Orsi-interju.png","datePublished":"2024-09-27T12:57:07+00:00","dateModified":"2024-09-27T12:57:08+00:00","description":"Szalay Orsoly\u00e1t, az Erste Bank Social Banking \u00e9s Soksz\u00edn\u0171s\u00e9gi Vezet\u0151j\u00e9t k\u00e9rdezt\u00fck akad\u00e1lymentess\u00e9g, fenntarthat\u00f3s\u00e1g \u00e9s EAA t\u00e9m\u00e1ban.","breadcrumb":{"@id":"https:\/\/news.access4you.io\/2024\/09\/27\/szalay-orsolya-az-access4you-tanusitvanyai-jelzik-hol-all-keszen-az-erste-bank-az-europai-akadalymentessegi-direktiva-kovetelmenyeire\/#breadcrumb"},"inLanguage":"en-US","potentialAction":[{"@type":"ReadAction","target":["https:\/\/news.access4you.io\/2024\/09\/27\/szalay-orsolya-az-access4you-tanusitvanyai-jelzik-hol-all-keszen-az-erste-bank-az-europai-akadalymentessegi-direktiva-kovetelmenyeire\/"]}]},{"@type":"ImageObject","inLanguage":"en-US","@id":"https:\/\/news.access4you.io\/2024\/09\/27\/szalay-orsolya-az-access4you-tanusitvanyai-jelzik-hol-all-keszen-az-erste-bank-az-europai-akadalymentessegi-direktiva-kovetelmenyeire\/#primaryimage","url":"https:\/\/news.access4you.io\/wp-content\/uploads\/2024\/09\/Szalay-Orsi-interju.png","contentUrl":"https:\/\/news.access4you.io\/wp-content\/uploads\/2024\/09\/Szalay-Orsi-interju.png","width":1440,"height":500,"caption":"Interj\u00fa Szalay Orsoly\u00e1val"},{"@type":"BreadcrumbList","@id":"https:\/\/news.access4you.io\/2024\/09\/27\/szalay-orsolya-az-access4you-tanusitvanyai-jelzik-hol-all-keszen-az-erste-bank-az-europai-akadalymentessegi-direktiva-kovetelmenyeire\/#breadcrumb","itemListElement":[{"@type":"ListItem","position":1,"name":"Kezd\u0151lap","item":"https:\/\/news.access4you.io\/"},{"@type":"ListItem","position":2,"name":"Szalay Orsolya: Az Access4you tan\u00fas\u00edtv\u00e1nyai jelzik, hol \u00e1ll k\u00e9szen az Erste Bank az Eur\u00f3pai akad\u00e1lymentess\u00e9gi direkt\u00edva k\u00f6vetelm\u00e9nyeire."}]},{"@type":"WebSite","@id":"https:\/\/news.access4you.io\/#website","url":"https:\/\/news.access4you.io\/","name":"Access4you H\u00edrek","description":"","publisher":{"@id":"https:\/\/news.access4you.io\/#organization"},"potentialAction":[{"@type":"SearchAction","target":{"@type":"EntryPoint","urlTemplate":"https:\/\/news.access4you.io\/?s={search_term_string}"},"query-input":{"@type":"PropertyValueSpecification","valueRequired":true,"valueName":"search_term_string"}}],"inLanguage":"en-US"},{"@type":"Organization","@id":"https:\/\/news.access4you.io\/#organization","name":"Access4you H\u00edrek","url":"https:\/\/news.access4you.io\/","logo":{"@type":"ImageObject","inLanguage":"en-US","@id":"https:\/\/news.access4you.io\/#\/schema\/logo\/image\/","url":"https:\/\/news.access4you.io\/wp-content\/uploads\/2021\/01\/a4u-logo-black.png","contentUrl":"https:\/\/news.access4you.io\/wp-content\/uploads\/2021\/01\/a4u-logo-black.png","width":726,"height":454,"caption":"Access4you H\u00edrek"},"image":{"@id":"https:\/\/news.access4you.io\/#\/schema\/logo\/image\/"}},{"@type":"Person","@id":"https:\/\/news.access4you.io\/#\/schema\/person\/cb4fff088aa5f5f43a6f4ce3a1e2e084","name":"access4you","image":{"@type":"ImageObject","inLanguage":"en-US","@id":"https:\/\/news.access4you.io\/#\/schema\/person\/image\/","url":"https:\/\/secure.gravatar.com\/avatar\/9795a8b3afc7ed258d167a92dbb1075b37bab5bc83b1ac9182ff4f58c22040b8?s=96&d=mm&r=g","contentUrl":"https:\/\/secure.gravatar.com\/avatar\/9795a8b3afc7ed258d167a92dbb1075b37bab5bc83b1ac9182ff4f58c22040b8?s=96&d=mm&r=g","caption":"access4you"},"sameAs":["http:\/\/localhost\/access4you"],"url":"https:\/\/news.access4you.io\/en\/author\/access4you\/"}]}},"_links":{"self":[{"href":"https:\/\/news.access4you.io\/en\/wp-json\/wp\/v2\/posts\/5016","targetHints":{"allow":["GET"]}}],"collection":[{"href":"https:\/\/news.access4you.io\/en\/wp-json\/wp\/v2\/posts"}],"about":[{"href":"https:\/\/news.access4you.io\/en\/wp-json\/wp\/v2\/types\/post"}],"author":[{"embeddable":true,"href":"https:\/\/news.access4you.io\/en\/wp-json\/wp\/v2\/users\/1"}],"replies":[{"embeddable":true,"href":"https:\/\/news.access4you.io\/en\/wp-json\/wp\/v2\/comments?post=5016"}],"version-history":[{"count":1,"href":"https:\/\/news.access4you.io\/en\/wp-json\/wp\/v2\/posts\/5016\/revisions"}],"predecessor-version":[{"id":5018,"href":"https:\/\/news.access4you.io\/en\/wp-json\/wp\/v2\/posts\/5016\/revisions\/5018"}],"wp:featuredmedia":[{"embeddable":true,"href":"https:\/\/news.access4you.io\/en\/wp-json\/wp\/v2\/media\/5017"}],"wp:attachment":[{"href":"https:\/\/news.access4you.io\/en\/wp-json\/wp\/v2\/media?parent=5016"}],"wp:term":[{"taxonomy":"category","embeddable":true,"href":"https:\/\/news.access4you.io\/en\/wp-json\/wp\/v2\/categories?post=5016"},{"taxonomy":"post_tag","embeddable":true,"href":"https:\/\/news.access4you.io\/en\/wp-json\/wp\/v2\/tags?post=5016"}],"curies":[{"name":"wp","href":"https:\/\/api.w.org\/{rel}","templated":true}]}}