{"id":5050,"date":"2024-10-21T09:17:34","date_gmt":"2024-10-21T09:17:34","guid":{"rendered":"https:\/\/news.access4you.io\/?p=5050"},"modified":"2024-10-21T09:20:02","modified_gmt":"2024-10-21T09:20:02","slug":"a-ctp-elkotelezett-a-fenntarthatosag-mellett-ugyfel-interju","status":"publish","type":"post","link":"https:\/\/news.access4you.io\/en\/2024\/10\/21\/a-ctp-elkotelezett-a-fenntarthatosag-mellett-ugyfel-interju\/","title":{"rendered":"A CTP elk\u00f6telezett a fenntarthat\u00f3s\u00e1g mellett &#8211; \u00dcgyf\u00e9l interj\u00fa"},"content":{"rendered":"<p><strong>Az akad\u00e1lymentess\u00e9g \u00e9s a fogyat\u00e9koss\u00e1ggal \u00e9l\u0151k befogad\u00e1sa az \u00e9p\u00edtett k\u00f6rnyezet minden szegmens\u00e9t \u00e9rinti, \u00edgy a logisztikai k\u00f6zpontokat \u00e9s parkokat is. A CTPark Budapest Office Campus nemr\u00e9g el\u00e9rte az Access4you \u2018Tan\u00fas\u00edtott helysz\u00edn\u2019 \u00e9rt\u00e9kel\u00e9s\u00e9t, ezzel kapcsolatban besz\u00e9lgett\u00fcnk <a href=\"https:\/\/www.linkedin.com\/in\/dr-gondi-ferenc\/\">dr. Gondi Ferenccel<\/a>, a CTP Hungary \u00fcgyvezet\u0151 igazgat\u00f3j\u00e1val.<\/strong><br><br><\/p>\n\n\n\n<hr class=\"wp-block-separator has-alpha-channel-opacity\"\/>\n\n\n\n<h4 class=\"wp-block-heading\"><br><strong>A CTPark Budapest Office Campus ki\u00e9rdemelte az Access4you min\u0151s\u00edt\u00e9st. El\u0151sz\u00f6r mutassuk be a helysz\u00ednt!<\/strong><\/h4>\n\n\n\n<p><\/p>\n\n\n\n<p>A Budapest 9. ker\u00fclet\u00e9ben tal\u00e1lhat\u00f3 <a href=\"https:\/\/access4you.io\/places\/office-campus-9753771\/details\">CTPark Budapest Office Campus<\/a> egy modern, magas sz\u00ednvonal\u00fa, k\u00f6lts\u00e9ghat\u00e9kony vegyes felhaszn\u00e1l\u00e1s\u00fa l\u00e9tes\u00edtm\u00e9ny, amely irodai \u00e9s rakt\u00e1rhelyis\u00e9geket is k\u00edn\u00e1l. A helysz\u00edn k\u00fcl\u00f6nleges, hiszen a logisztikai parkok t\u00f6bbs\u00e9ge Budapest hat\u00e1rain vagy azon k\u00edv\u00fcl helyezkednek el, m\u00edg ez a f\u0151v\u00e1ros frekvent\u00e1lt helysz\u00edn\u00e9n t\u00f6megk\u00f6zleked\u00e9ssel is k\u00f6nnyen \u00e9s gyorsan el\u00e9rhet\u0151. A ter\u00fcleten parkos\u00edtott kertek, 24 \u00f3r\u00e1s biztons\u00e1gi szolg\u00e1lat, felsz\u00edni parkol\u00f3helyek, helysz\u00edni buszj\u00e1ratok \u00e1llnak rendelkez\u00e9sre, vagyis nagy gondot ford\u00edtunk arra, hogy a b\u00e9rl\u0151i k\u00f6z\u00f6ss\u00e9g\u00fcnk a dolgoz\u00f3i \u00e9lm\u00e9ny min\u00e9l t\u00f6bb szegmens\u00e9t megtapasztalj\u00e1k.<br><br><\/p>\n\n\n\n<h4 class=\"wp-block-heading\"><strong>Ha m\u00e1r a dolgoz\u00f3i \u00e9lm\u00e9nyn\u00e9l tartunk, akkor mi\u00e9rt fontos a CTP \u00e9s az \u00d6n sz\u00e1m\u00e1ra a szoci\u00e1lis felel\u0151ss\u00e9gv\u00e1llal\u00e1s melletti ki\u00e1ll\u00e1s \u00e9s e c\u00e9lb\u00f3l milyen l\u00e9p\u00e9seket tesznek?&nbsp;<\/strong><\/h4>\n\n\n\n<p><\/p>\n\n\n\n<p>A modern logisztikai parkjainkat igazi term\u00e9szeti k\u00f6rnyezetben alak\u00edtjuk ki, ahol nem csak az energia \u00e9s az \u00e1ram sz\u00e1rmazik z\u00f6ld megold\u00e1sokb\u00f3l, hanem a jelent\u0151s m\u00e9rt\u00e9k\u0171 parkos\u00edt\u00e1s, f\u00e1s\u00edt\u00e1s is el\u0151seg\u00edti a val\u00f3di k\u00f6rnyezettudatoss\u00e1got. Maxim\u00e1lisan elk\u00f6telezettek vagyunk a fenntarthat\u00f3s\u00e1g mellett, nem v\u00e9letlen\u00fcl r\u00e9gi\u00f3s \u00e9s a magyar portf\u00f3li\u00f3nk is szinte teljes eg\u00e9sz\u00e9ben BREEAM-tan\u00fas\u00edtv\u00e1nnyal rendelkezik. A CTP meg\u00fajul\u00f3 energiakapacit\u00e1sa k\u00f6z\u00fcl kiemelhetj\u00fck a logisztikai k\u00f6zpontjaink napelem-parkjait.<\/p>\n\n\n\n<p>Ezek a komplexumok maxim\u00e1lisan t\u00f6rekszenek a dolgoz\u00f3i j\u00f3ll\u00e9tre, illetve a parkjainknak otthont ad\u00f3 telep\u00fcl\u00e9seken k\u00fcl\u00f6nb\u00f6z\u0151 fejleszt\u00e9sekkel j\u00e1rulunk hozz\u00e1 az \u00e9letmin\u0151s\u00e9g emel\u00e9s\u00e9hez, legyen az egy j\u00e1tsz\u00f3t\u00e9r fel\u00faj\u00edt\u00e1sa, k\u00f6zm\u0171vek fejleszt\u00e9sei, de sportnapokat is t\u00e1mogatunk, v\u00e9rad\u00e1st szervez\u00fcnk. A CTP \u00f6sszes hazai logisztikai parkj\u00e1ban defibrill\u00e1tort helyez\u00fcnk el az \u00e9v v\u00e9g\u00e9ig, amelyet nem csak a b\u00e9rl\u0151k, hanem a telep\u00fcl\u00e9sek lak\u00f3i is ig\u00e9nybe vehetnek sz\u00fcks\u00e9g eset\u00e9n, \u00edgy a v\u00e1llalat \u00f6sszes logisztikai parkja \u00e9letment\u0151 pontk\u00e9nt is funkcion\u00e1l.<br><br><\/p>\n\n\n\n<h4 class=\"wp-block-heading\"><strong>Hogyan ker\u00fcltek kapcsolatba az Access4you-val \u00e9s mi motiv\u00e1lta \u00d6n\u00f6ket, hogy ennek kapcs\u00e1n az es\u00e9lyegyenl\u0151s\u00e9get el\u0151t\u00e9rbe helyezz\u00e9k?<\/strong><\/h4>\n\n\n\n<p><\/p>\n\n\n\n<p>A CTP folyamatosan fejleszti a logisztikai parkjait, hogy a fenntarthat\u00f3s\u00e1g \u00e9s a t\u00e1rsadalmi felel\u0151ss\u00e9gv\u00e1llal\u00e1s \u00e9rdek\u00e9ben maxim\u00e1lisan \u00e9rv\u00e9nyes\u00fcljenek az ESG-szempontok, \u00edgy vir\u00e1gz\u00f3 \u00e9s akt\u00edv k\u00f6z\u00f6ss\u00e9gek j\u00f6jjenek l\u00e9tre a b\u00e9rl\u0151k \u00e9s a helyi lak\u00f3k bevon\u00e1s\u00e1val. Az ESG egyik fontos \u00f6sszetev\u0151je a t\u00e1rsadalmi felel\u0151ss\u00e9gv\u00e1llal\u00e1s, ezen bel\u00fcl az es\u00e9lyegyenl\u0151s\u00e9g r\u00e9szek\u00e9nt a mozg\u00e1s\u00e1ban akad\u00e1lyozott dolgoz\u00f3kat is t\u00e1mogatjuk, \u00e9s arra t\u00f6reksz\u00fcnk, hogy egy v\u00e9dett \u00e9s elfogad\u00f3 k\u00f6rnyezetben min\u00e9l jobban kibontakoztathass\u00e1k a benn\u00fck rejl\u0151 tehets\u00e9get \u00e9s potenci\u00e1lt. Ebben a felel\u0151ss\u00e9gteljes munk\u00e1ban az Access4you csapata, min\u0151s\u00edt\u0151 rendszere \u00e9s szakmai t\u00e1mogat\u00e1sa nagyon fontos szerepet j\u00e1tszik.<br><br><\/p>\n\n\n\n<h4 class=\"wp-block-heading\"><strong>Mi motiv\u00e1lja \u00d6nt arra, hogy a logisztikai-ipari ingatlanpiacon is el\u0151t\u00e9rbe helyezze az akad\u00e1lymentess\u00e9gre val\u00f3 t\u00f6rekv\u00e9st?<\/strong><\/h4>\n\n\n\n<p><\/p>\n\n\n\n<p>Kicsit t\u00e1volabbr\u00f3l k\u00f6zel\u00edten\u00e9m meg a k\u00e9rd\u00e9st, hogy \u00e1ltal\u00e1nos kontextusba helyezhess\u00fck. Az inkluzivit\u00e1s, vagyis az es\u00e9lyegyenl\u0151s\u00e9g \u00e9s a soksz\u00edn\u0171s\u00e9g ma m\u00e1r glob\u00e1lis m\u00e9retekben egyre fontosabb szerepet t\u00f6lt be a t\u00e1rsadalmi-gazdas\u00e1gi \u00e9letben, \u00edgy a munkahelyek vil\u00e1g\u00e1ban is,legyenek azok irod\u00e1k vagy logisztikai k\u00f6zpontok. Sz\u00e1munkra kiemelten fontos az es\u00e9lyegyenl\u0151s\u00e9g, ez\u00e9rt m\u00e1r a logisztikai parkok, csarnokok, munkahelyek tervez\u00e9se sor\u00e1n is figyelembe vessz\u00fck a k\u00fcl\u00f6nb\u00f6z\u0151 ig\u00e9nyeket \u00e9s munkast\u00edlusokat, \u00e9s olyan tereket alak\u00edtunk ki, amelyek minden munkav\u00e1llal\u00f3 sz\u00e1m\u00e1ra kiel\u00e9g\u00edt\u0151ek, \u00edgy a mozg\u00e1sukban korl\u00e1tozott munkat\u00e1rsaknak is megfelel\u0151ek. Ez a megk\u00f6zel\u00edt\u00e9s jelent\u0151sen t\u00e1mogatja partnereinket is abban, hogy nagyobb hangs\u00falyt fektethessenek az inkluzivit\u00e1sra a m\u0171k\u00f6d\u00e9s\u00fckben.<br><br><\/p>\n\n\n\n<h4 class=\"wp-block-heading\"><strong>Hogyan v\u00e1ltoztatta meg az Access4you-val val\u00f3 egy\u00fcttm\u0171k\u00f6d\u00e9s az akad\u00e1lymentess\u00e9ggel kapcsolatos n\u00e9z\u0151pontj\u00e1t, v\u00e9leked\u00e9s\u00e9t?<\/strong><\/h4>\n\n\n\n<p><\/p>\n\n\n\n<p>Az Access4you hatalmas energi\u00e1kat mozg\u00f3s\u00edtott a h\u00e1tr\u00e1nyos vagy speci\u00e1lis helyzet\u0171 t\u00e1rsadalmi csoportok \u00e9rdek\u00e9ben, hogy teljes \u00e9letet \u00e9lhessenek a munkahelyeken is. Ez\u00e9rt kezdt\u00fck meg mi is az egy\u00fcttm\u0171k\u00f6d\u00e9st, azzal a c\u00e9llal, hogy \u00e9p\u00fcleteinkben a legmagasabb szint\u0171 Access4you Tan\u00fas\u00edtv\u00e1nyt szerezhess\u00fck meg, vagyis a megv\u00e1ltozott munkak\u00e9pess\u00e9g\u0171 dolgoz\u00f3kat is integr\u00e1ljuk a logisztikai parkjaink b\u00e9rl\u0151i k\u00f6z\u00f6ss\u00e9geibe.<br><br><\/p>\n\n\n\n<h4 class=\"wp-block-heading\"><strong>Miben l\u00e1tja az Access4you tan\u00fas\u00edtv\u00e1ny \u00e9s az akad\u00e1lymentess\u00e9g \u00fczleti el\u0151nyeit?<\/strong><\/h4>\n\n\n\n<p><\/p>\n\n\n\n<p>A tan\u00fas\u00edtv\u00e1ny val\u00f3j\u00e1ban az elk\u00f6telezetts\u00e9g\u00fcnket igazolja az emberk\u00f6zpont\u00fa logisztikai parkok megteremt\u00e9se \u00e9rdek\u00e9ben. A legfontosabb, hogy a b\u00e9rl\u0151ink valamennyi munkat\u00e1rsa a logisztikai parkok dolgoz\u00f3i k\u00f6z\u00f6ss\u00e9g\u00e9nek ugyanolyan \u00e9rt\u00e9k\u0171 tagja lehessen, vagyis mind ment\u00e1lisan, mind fizikailag t\u00e1mogatjuk a megv\u00e1ltozott munkak\u00e9pess\u00e9g\u0171ek beilleszked\u00e9s\u00e9t \u00e9s seg\u00edtj\u00fck \u0151ket a mindennapi feladataik ell\u00e1t\u00e1s\u00e1ban.<\/p>\n\n\n\n<p>A projektjeink sor\u00e1n az inkluz\u00edv tervez\u00e9s \u00e9s projektmegval\u00f3s\u00edt\u00e1s, majd m\u0171k\u00f6d\u00e9s nemcsak az arra fizikailag is r\u00e1szorul\u00f3 csoportoknak seg\u00edt, hanem az eg\u00e9sz szervezet sz\u00e1m\u00e1ra el\u0151ny\u00f6s, hiszen k\u00f6z\u00f6ss\u00e9g\u00e9 szervezi a dolgoz\u00f3kat, \u00edgy n\u00f6velve a munkahelyi \u00e9lm\u00e9nyt \u00e9s a produktivit\u00e1st. Ez a t\u00f6rekv\u00e9s\u00fcnk nem csak a szoci\u00e1lis felel\u0151ss\u00e9gv\u00e1llal\u00e1s ir\u00e1nti elk\u00f6telezetts\u00e9g\u00fcnket igazolja, hanem egy olyan munkahelyi kl\u00edm\u00e1t is meg tudunk teremteni, ahol a b\u00e9rl\u0151k \u00e9s dolgoz\u00f3ik termel\u00e9kenys\u00e9ge \u00e9s versenyk\u00e9pess\u00e9ge n\u00f6vekszik, hiszen ahol j\u00f3l \u00e9rezz\u00fck magunkat, ott m\u00e9g jobb teljes\u00edtm\u00e9nyre vagyunk k\u00e9pesek.<br><br><\/p>\n\n\n\n<hr class=\"wp-block-separator has-alpha-channel-opacity\"\/>\n\n\n\n<p><br>R\u00e9szletes \u00e9s tan\u00fas\u00edtott akad\u00e1lymentess\u00e9gi inform\u00e1ci\u00f3t <a href=\"https:\/\/access4you.io\/places\/office-campus-9753771\/details\">itt olvashatnak<\/a> a CTPark Budapest Office Campus helysz\u00edn\u00e9r\u0151l.<\/p>\n\n\n\n<p><strong>A CTP-r\u0151l<\/strong><\/p>\n\n\n\n<p>A CTP brutt\u00f3 b\u00e9rbeadhat\u00f3 ter\u00fclet alapj\u00e1n Eur\u00f3pa legnagyobb, t\u0151zsd\u00e9n jegyzett logisztikai \u00e9s ipari ingatlantulajdonosa, -fejleszt\u0151je \u00e9s -kezel\u0151je, amely 2024. m\u00e1rcius 31-\u00e9n 10 orsz\u00e1gban 12 milli\u00f3 m2 GLA tulajdonosa volt. A CTP minden \u00faj \u00e9p\u00fclete \u201enagyon j\u00f3\u201d vagy ann\u00e1l magasabb BREEAM-min\u0151s\u00edt\u00e9ssel rendelkezik, a Sustainalytics v\u00e1llalatt\u00f3l pedig \u201ealacsony kock\u00e1zat\u00fa\u201d ESG min\u0151s\u00edt\u00e9st kapott, ami al\u00e1h\u00fazza a fenntarthat\u00f3 \u00fczleti tev\u00e9kenys\u00e9g melletti elk\u00f6telezetts\u00e9g\u00e9t. Tov\u00e1bbi inform\u00e1ci\u00f3k\u00e9rt l\u00e1togasson el a CTP v\u00e1llalati weboldal\u00e1ra: <a href=\"http:\/\/www.ctp.eu\">www.ctp.eu<\/a><\/p>\n\n\n\n<p><\/p>","protected":false},"excerpt":{"rendered":"<p>Az akad\u00e1lymentess\u00e9g \u00e9s a fogyat\u00e9koss\u00e1ggal \u00e9l\u0151k befogad\u00e1sa az \u00e9p\u00edtett k\u00f6rnyezet minden szegmens\u00e9t \u00e9rinti, \u00edgy a logisztikai k\u00f6zpontokat \u00e9s parkokat is. A CTPark Budapest Office Campus nemr\u00e9g el\u00e9rte az Access4you \u2018Tan\u00fas\u00edtott helysz\u00edn\u2019 \u00e9rt\u00e9kel\u00e9s\u00e9t, ezzel kapcsolatban besz\u00e9lgett\u00fcnk dr. Gondi Ferenccel, a CTP Hungary \u00fcgyvezet\u0151 igazgat\u00f3j\u00e1val. A CTPark Budapest Office Campus ki\u00e9rdemelte az Access4you min\u0151s\u00edt\u00e9st. El\u0151sz\u00f6r mutassuk be [&hellip;]<\/p>","protected":false},"author":1,"featured_media":5052,"comment_status":"closed","ping_status":"closed","sticky":false,"template":"","format":"standard","meta":{"footnotes":""},"categories":[10],"tags":[7,71,130,149,152],"class_list":["post-5050","post","type-post","status-publish","format-standard","has-post-thumbnail","hentry","category-blog","tag-access4you","tag-fenntarthatosag","tag-interju","tag-ctp-hungary","tag-ingatlanok"],"yoast_head":"<!-- This site is optimized with the Yoast SEO plugin v23.8 - https:\/\/yoast.com\/wordpress\/plugins\/seo\/ -->\n<title>A CTP elk\u00f6telezett a fenntarthat\u00f3s\u00e1g mellett - \u00dcgyf\u00e9l interj\u00fa - Access4you H\u00edrek<\/title>\n<meta name=\"description\" content=\"Az Access4you dr. Gondi Ferenccel besz\u00e9lgetett a CTP Hungary Office Campus helysz\u00edn\u00e9r\u0151l \u00e9s a fenntarthat\u00f3s\u00e1gr\u00f3l.\" \/>\n<meta name=\"robots\" content=\"index, follow, max-snippet:-1, max-image-preview:large, max-video-preview:-1\" \/>\n<link rel=\"canonical\" href=\"https:\/\/news.access4you.io\/en\/2024\/10\/21\/a-ctp-elkotelezett-a-fenntarthatosag-mellett-ugyfel-interju\/\" \/>\n<meta property=\"og:locale\" content=\"en_US\" \/>\n<meta property=\"og:type\" content=\"article\" \/>\n<meta property=\"og:title\" content=\"A CTP elk\u00f6telezett a fenntarthat\u00f3s\u00e1g mellett - \u00dcgyf\u00e9l interj\u00fa - Access4you H\u00edrek\" \/>\n<meta property=\"og:description\" content=\"Az Access4you dr. Gondi Ferenccel besz\u00e9lgetett a CTP Hungary Office Campus helysz\u00edn\u00e9r\u0151l \u00e9s a fenntarthat\u00f3s\u00e1gr\u00f3l.\" \/>\n<meta property=\"og:url\" content=\"https:\/\/news.access4you.io\/en\/2024\/10\/21\/a-ctp-elkotelezett-a-fenntarthatosag-mellett-ugyfel-interju\/\" \/>\n<meta property=\"og:site_name\" content=\"Access4you H\u00edrek\" \/>\n<meta property=\"article:published_time\" content=\"2024-10-21T09:17:34+00:00\" \/>\n<meta property=\"article:modified_time\" content=\"2024-10-21T09:20:02+00:00\" \/>\n<meta property=\"og:image\" content=\"https:\/\/news.access4you.io\/wp-content\/uploads\/2024\/10\/dr-Gondi-Ferenc-interju-yo.png\" \/>\n\t<meta property=\"og:image:width\" content=\"1440\" \/>\n\t<meta property=\"og:image:height\" content=\"500\" \/>\n\t<meta property=\"og:image:type\" content=\"image\/png\" \/>\n<meta name=\"author\" content=\"access4you\" \/>\n<meta name=\"twitter:card\" content=\"summary_large_image\" \/>\n<meta name=\"twitter:label1\" content=\"Written by\" \/>\n\t<meta name=\"twitter:data1\" content=\"access4you\" \/>\n\t<meta name=\"twitter:label2\" content=\"Est. reading time\" \/>\n\t<meta name=\"twitter:data2\" content=\"5 minutes\" \/>\n<script type=\"application\/ld+json\" class=\"yoast-schema-graph\">{\"@context\":\"https:\/\/schema.org\",\"@graph\":[{\"@type\":\"Article\",\"@id\":\"https:\/\/news.access4you.io\/2024\/10\/21\/a-ctp-elkotelezett-a-fenntarthatosag-mellett-ugyfel-interju\/#article\",\"isPartOf\":{\"@id\":\"https:\/\/news.access4you.io\/2024\/10\/21\/a-ctp-elkotelezett-a-fenntarthatosag-mellett-ugyfel-interju\/\"},\"author\":{\"name\":\"access4you\",\"@id\":\"https:\/\/news.access4you.io\/#\/schema\/person\/cb4fff088aa5f5f43a6f4ce3a1e2e084\"},\"headline\":\"A CTP elk\u00f6telezett a fenntarthat\u00f3s\u00e1g mellett &#8211; \u00dcgyf\u00e9l interj\u00fa\",\"datePublished\":\"2024-10-21T09:17:34+00:00\",\"dateModified\":\"2024-10-21T09:20:02+00:00\",\"mainEntityOfPage\":{\"@id\":\"https:\/\/news.access4you.io\/2024\/10\/21\/a-ctp-elkotelezett-a-fenntarthatosag-mellett-ugyfel-interju\/\"},\"wordCount\":1311,\"publisher\":{\"@id\":\"https:\/\/news.access4you.io\/#organization\"},\"image\":{\"@id\":\"https:\/\/news.access4you.io\/2024\/10\/21\/a-ctp-elkotelezett-a-fenntarthatosag-mellett-ugyfel-interju\/#primaryimage\"},\"thumbnailUrl\":\"https:\/\/news.access4you.io\/wp-content\/uploads\/2024\/10\/dr-Gondi-Ferenc-interju-yo.png\",\"keywords\":[\"Access4You\",\"fenntarthat\u00f3s\u00e1g\",\"Interj\u00fa\",\"CTP Hungary\",\"Ingatlanok\"],\"articleSection\":[\"Blog\"],\"inLanguage\":\"en-US\"},{\"@type\":\"WebPage\",\"@id\":\"https:\/\/news.access4you.io\/2024\/10\/21\/a-ctp-elkotelezett-a-fenntarthatosag-mellett-ugyfel-interju\/\",\"url\":\"https:\/\/news.access4you.io\/2024\/10\/21\/a-ctp-elkotelezett-a-fenntarthatosag-mellett-ugyfel-interju\/\",\"name\":\"A CTP elk\u00f6telezett a fenntarthat\u00f3s\u00e1g mellett - \u00dcgyf\u00e9l interj\u00fa - Access4you H\u00edrek\",\"isPartOf\":{\"@id\":\"https:\/\/news.access4you.io\/#website\"},\"primaryImageOfPage\":{\"@id\":\"https:\/\/news.access4you.io\/2024\/10\/21\/a-ctp-elkotelezett-a-fenntarthatosag-mellett-ugyfel-interju\/#primaryimage\"},\"image\":{\"@id\":\"https:\/\/news.access4you.io\/2024\/10\/21\/a-ctp-elkotelezett-a-fenntarthatosag-mellett-ugyfel-interju\/#primaryimage\"},\"thumbnailUrl\":\"https:\/\/news.access4you.io\/wp-content\/uploads\/2024\/10\/dr-Gondi-Ferenc-interju-yo.png\",\"datePublished\":\"2024-10-21T09:17:34+00:00\",\"dateModified\":\"2024-10-21T09:20:02+00:00\",\"description\":\"Az Access4you dr. Gondi Ferenccel besz\u00e9lgetett a CTP Hungary Office Campus helysz\u00edn\u00e9r\u0151l \u00e9s a fenntarthat\u00f3s\u00e1gr\u00f3l.\",\"breadcrumb\":{\"@id\":\"https:\/\/news.access4you.io\/2024\/10\/21\/a-ctp-elkotelezett-a-fenntarthatosag-mellett-ugyfel-interju\/#breadcrumb\"},\"inLanguage\":\"en-US\",\"potentialAction\":[{\"@type\":\"ReadAction\",\"target\":[\"https:\/\/news.access4you.io\/2024\/10\/21\/a-ctp-elkotelezett-a-fenntarthatosag-mellett-ugyfel-interju\/\"]}]},{\"@type\":\"ImageObject\",\"inLanguage\":\"en-US\",\"@id\":\"https:\/\/news.access4you.io\/2024\/10\/21\/a-ctp-elkotelezett-a-fenntarthatosag-mellett-ugyfel-interju\/#primaryimage\",\"url\":\"https:\/\/news.access4you.io\/wp-content\/uploads\/2024\/10\/dr-Gondi-Ferenc-interju-yo.png\",\"contentUrl\":\"https:\/\/news.access4you.io\/wp-content\/uploads\/2024\/10\/dr-Gondi-Ferenc-interju-yo.png\",\"width\":1440,\"height\":500,\"caption\":\"Interj\u00fa dr. Gondi Ferenccel\"},{\"@type\":\"BreadcrumbList\",\"@id\":\"https:\/\/news.access4you.io\/2024\/10\/21\/a-ctp-elkotelezett-a-fenntarthatosag-mellett-ugyfel-interju\/#breadcrumb\",\"itemListElement\":[{\"@type\":\"ListItem\",\"position\":1,\"name\":\"Kezd\u0151lap\",\"item\":\"https:\/\/news.access4you.io\/\"},{\"@type\":\"ListItem\",\"position\":2,\"name\":\"A CTP elk\u00f6telezett a fenntarthat\u00f3s\u00e1g mellett &#8211; \u00dcgyf\u00e9l interj\u00fa\"}]},{\"@type\":\"WebSite\",\"@id\":\"https:\/\/news.access4you.io\/#website\",\"url\":\"https:\/\/news.access4you.io\/\",\"name\":\"Access4you H\u00edrek\",\"description\":\"\",\"publisher\":{\"@id\":\"https:\/\/news.access4you.io\/#organization\"},\"potentialAction\":[{\"@type\":\"SearchAction\",\"target\":{\"@type\":\"EntryPoint\",\"urlTemplate\":\"https:\/\/news.access4you.io\/?s={search_term_string}\"},\"query-input\":{\"@type\":\"PropertyValueSpecification\",\"valueRequired\":true,\"valueName\":\"search_term_string\"}}],\"inLanguage\":\"en-US\"},{\"@type\":\"Organization\",\"@id\":\"https:\/\/news.access4you.io\/#organization\",\"name\":\"Access4you H\u00edrek\",\"url\":\"https:\/\/news.access4you.io\/\",\"logo\":{\"@type\":\"ImageObject\",\"inLanguage\":\"en-US\",\"@id\":\"https:\/\/news.access4you.io\/#\/schema\/logo\/image\/\",\"url\":\"https:\/\/news.access4you.io\/wp-content\/uploads\/2021\/01\/a4u-logo-black.png\",\"contentUrl\":\"https:\/\/news.access4you.io\/wp-content\/uploads\/2021\/01\/a4u-logo-black.png\",\"width\":726,\"height\":454,\"caption\":\"Access4you H\u00edrek\"},\"image\":{\"@id\":\"https:\/\/news.access4you.io\/#\/schema\/logo\/image\/\"}},{\"@type\":\"Person\",\"@id\":\"https:\/\/news.access4you.io\/#\/schema\/person\/cb4fff088aa5f5f43a6f4ce3a1e2e084\",\"name\":\"access4you\",\"image\":{\"@type\":\"ImageObject\",\"inLanguage\":\"en-US\",\"@id\":\"https:\/\/news.access4you.io\/#\/schema\/person\/image\/\",\"url\":\"https:\/\/secure.gravatar.com\/avatar\/9795a8b3afc7ed258d167a92dbb1075b37bab5bc83b1ac9182ff4f58c22040b8?s=96&d=mm&r=g\",\"contentUrl\":\"https:\/\/secure.gravatar.com\/avatar\/9795a8b3afc7ed258d167a92dbb1075b37bab5bc83b1ac9182ff4f58c22040b8?s=96&d=mm&r=g\",\"caption\":\"access4you\"},\"sameAs\":[\"http:\/\/localhost\/access4you\"],\"url\":\"https:\/\/news.access4you.io\/en\/author\/access4you\/\"}]}<\/script>\n<!-- \/ Yoast SEO plugin. -->","yoast_head_json":{"title":"A CTP elk\u00f6telezett a fenntarthat\u00f3s\u00e1g mellett - \u00dcgyf\u00e9l interj\u00fa - Access4you H\u00edrek","description":"Az Access4you dr. Gondi Ferenccel besz\u00e9lgetett a CTP Hungary Office Campus helysz\u00edn\u00e9r\u0151l \u00e9s a fenntarthat\u00f3s\u00e1gr\u00f3l.","robots":{"index":"index","follow":"follow","max-snippet":"max-snippet:-1","max-image-preview":"max-image-preview:large","max-video-preview":"max-video-preview:-1"},"canonical":"https:\/\/news.access4you.io\/en\/2024\/10\/21\/a-ctp-elkotelezett-a-fenntarthatosag-mellett-ugyfel-interju\/","og_locale":"en_US","og_type":"article","og_title":"A CTP elk\u00f6telezett a fenntarthat\u00f3s\u00e1g mellett - \u00dcgyf\u00e9l interj\u00fa - Access4you H\u00edrek","og_description":"Az Access4you dr. Gondi Ferenccel besz\u00e9lgetett a CTP Hungary Office Campus helysz\u00edn\u00e9r\u0151l \u00e9s a fenntarthat\u00f3s\u00e1gr\u00f3l.","og_url":"https:\/\/news.access4you.io\/en\/2024\/10\/21\/a-ctp-elkotelezett-a-fenntarthatosag-mellett-ugyfel-interju\/","og_site_name":"Access4you H\u00edrek","article_published_time":"2024-10-21T09:17:34+00:00","article_modified_time":"2024-10-21T09:20:02+00:00","og_image":[{"width":1440,"height":500,"url":"https:\/\/news.access4you.io\/wp-content\/uploads\/2024\/10\/dr-Gondi-Ferenc-interju-yo.png","type":"image\/png"}],"author":"access4you","twitter_card":"summary_large_image","twitter_misc":{"Written by":"access4you","Est. reading time":"5 minutes"},"schema":{"@context":"https:\/\/schema.org","@graph":[{"@type":"Article","@id":"https:\/\/news.access4you.io\/2024\/10\/21\/a-ctp-elkotelezett-a-fenntarthatosag-mellett-ugyfel-interju\/#article","isPartOf":{"@id":"https:\/\/news.access4you.io\/2024\/10\/21\/a-ctp-elkotelezett-a-fenntarthatosag-mellett-ugyfel-interju\/"},"author":{"name":"access4you","@id":"https:\/\/news.access4you.io\/#\/schema\/person\/cb4fff088aa5f5f43a6f4ce3a1e2e084"},"headline":"A CTP elk\u00f6telezett a fenntarthat\u00f3s\u00e1g mellett &#8211; \u00dcgyf\u00e9l interj\u00fa","datePublished":"2024-10-21T09:17:34+00:00","dateModified":"2024-10-21T09:20:02+00:00","mainEntityOfPage":{"@id":"https:\/\/news.access4you.io\/2024\/10\/21\/a-ctp-elkotelezett-a-fenntarthatosag-mellett-ugyfel-interju\/"},"wordCount":1311,"publisher":{"@id":"https:\/\/news.access4you.io\/#organization"},"image":{"@id":"https:\/\/news.access4you.io\/2024\/10\/21\/a-ctp-elkotelezett-a-fenntarthatosag-mellett-ugyfel-interju\/#primaryimage"},"thumbnailUrl":"https:\/\/news.access4you.io\/wp-content\/uploads\/2024\/10\/dr-Gondi-Ferenc-interju-yo.png","keywords":["Access4You","fenntarthat\u00f3s\u00e1g","Interj\u00fa","CTP Hungary","Ingatlanok"],"articleSection":["Blog"],"inLanguage":"en-US"},{"@type":"WebPage","@id":"https:\/\/news.access4you.io\/2024\/10\/21\/a-ctp-elkotelezett-a-fenntarthatosag-mellett-ugyfel-interju\/","url":"https:\/\/news.access4you.io\/2024\/10\/21\/a-ctp-elkotelezett-a-fenntarthatosag-mellett-ugyfel-interju\/","name":"A CTP elk\u00f6telezett a fenntarthat\u00f3s\u00e1g mellett - \u00dcgyf\u00e9l interj\u00fa - Access4you H\u00edrek","isPartOf":{"@id":"https:\/\/news.access4you.io\/#website"},"primaryImageOfPage":{"@id":"https:\/\/news.access4you.io\/2024\/10\/21\/a-ctp-elkotelezett-a-fenntarthatosag-mellett-ugyfel-interju\/#primaryimage"},"image":{"@id":"https:\/\/news.access4you.io\/2024\/10\/21\/a-ctp-elkotelezett-a-fenntarthatosag-mellett-ugyfel-interju\/#primaryimage"},"thumbnailUrl":"https:\/\/news.access4you.io\/wp-content\/uploads\/2024\/10\/dr-Gondi-Ferenc-interju-yo.png","datePublished":"2024-10-21T09:17:34+00:00","dateModified":"2024-10-21T09:20:02+00:00","description":"Az Access4you dr. Gondi Ferenccel besz\u00e9lgetett a CTP Hungary Office Campus helysz\u00edn\u00e9r\u0151l \u00e9s a fenntarthat\u00f3s\u00e1gr\u00f3l.","breadcrumb":{"@id":"https:\/\/news.access4you.io\/2024\/10\/21\/a-ctp-elkotelezett-a-fenntarthatosag-mellett-ugyfel-interju\/#breadcrumb"},"inLanguage":"en-US","potentialAction":[{"@type":"ReadAction","target":["https:\/\/news.access4you.io\/2024\/10\/21\/a-ctp-elkotelezett-a-fenntarthatosag-mellett-ugyfel-interju\/"]}]},{"@type":"ImageObject","inLanguage":"en-US","@id":"https:\/\/news.access4you.io\/2024\/10\/21\/a-ctp-elkotelezett-a-fenntarthatosag-mellett-ugyfel-interju\/#primaryimage","url":"https:\/\/news.access4you.io\/wp-content\/uploads\/2024\/10\/dr-Gondi-Ferenc-interju-yo.png","contentUrl":"https:\/\/news.access4you.io\/wp-content\/uploads\/2024\/10\/dr-Gondi-Ferenc-interju-yo.png","width":1440,"height":500,"caption":"Interj\u00fa dr. Gondi Ferenccel"},{"@type":"BreadcrumbList","@id":"https:\/\/news.access4you.io\/2024\/10\/21\/a-ctp-elkotelezett-a-fenntarthatosag-mellett-ugyfel-interju\/#breadcrumb","itemListElement":[{"@type":"ListItem","position":1,"name":"Kezd\u0151lap","item":"https:\/\/news.access4you.io\/"},{"@type":"ListItem","position":2,"name":"A CTP elk\u00f6telezett a fenntarthat\u00f3s\u00e1g mellett &#8211; \u00dcgyf\u00e9l interj\u00fa"}]},{"@type":"WebSite","@id":"https:\/\/news.access4you.io\/#website","url":"https:\/\/news.access4you.io\/","name":"Access4you H\u00edrek","description":"","publisher":{"@id":"https:\/\/news.access4you.io\/#organization"},"potentialAction":[{"@type":"SearchAction","target":{"@type":"EntryPoint","urlTemplate":"https:\/\/news.access4you.io\/?s={search_term_string}"},"query-input":{"@type":"PropertyValueSpecification","valueRequired":true,"valueName":"search_term_string"}}],"inLanguage":"en-US"},{"@type":"Organization","@id":"https:\/\/news.access4you.io\/#organization","name":"Access4you H\u00edrek","url":"https:\/\/news.access4you.io\/","logo":{"@type":"ImageObject","inLanguage":"en-US","@id":"https:\/\/news.access4you.io\/#\/schema\/logo\/image\/","url":"https:\/\/news.access4you.io\/wp-content\/uploads\/2021\/01\/a4u-logo-black.png","contentUrl":"https:\/\/news.access4you.io\/wp-content\/uploads\/2021\/01\/a4u-logo-black.png","width":726,"height":454,"caption":"Access4you H\u00edrek"},"image":{"@id":"https:\/\/news.access4you.io\/#\/schema\/logo\/image\/"}},{"@type":"Person","@id":"https:\/\/news.access4you.io\/#\/schema\/person\/cb4fff088aa5f5f43a6f4ce3a1e2e084","name":"access4you","image":{"@type":"ImageObject","inLanguage":"en-US","@id":"https:\/\/news.access4you.io\/#\/schema\/person\/image\/","url":"https:\/\/secure.gravatar.com\/avatar\/9795a8b3afc7ed258d167a92dbb1075b37bab5bc83b1ac9182ff4f58c22040b8?s=96&d=mm&r=g","contentUrl":"https:\/\/secure.gravatar.com\/avatar\/9795a8b3afc7ed258d167a92dbb1075b37bab5bc83b1ac9182ff4f58c22040b8?s=96&d=mm&r=g","caption":"access4you"},"sameAs":["http:\/\/localhost\/access4you"],"url":"https:\/\/news.access4you.io\/en\/author\/access4you\/"}]}},"_links":{"self":[{"href":"https:\/\/news.access4you.io\/en\/wp-json\/wp\/v2\/posts\/5050","targetHints":{"allow":["GET"]}}],"collection":[{"href":"https:\/\/news.access4you.io\/en\/wp-json\/wp\/v2\/posts"}],"about":[{"href":"https:\/\/news.access4you.io\/en\/wp-json\/wp\/v2\/types\/post"}],"author":[{"embeddable":true,"href":"https:\/\/news.access4you.io\/en\/wp-json\/wp\/v2\/users\/1"}],"replies":[{"embeddable":true,"href":"https:\/\/news.access4you.io\/en\/wp-json\/wp\/v2\/comments?post=5050"}],"version-history":[{"count":13,"href":"https:\/\/news.access4you.io\/en\/wp-json\/wp\/v2\/posts\/5050\/revisions"}],"predecessor-version":[{"id":5067,"href":"https:\/\/news.access4you.io\/en\/wp-json\/wp\/v2\/posts\/5050\/revisions\/5067"}],"wp:featuredmedia":[{"embeddable":true,"href":"https:\/\/news.access4you.io\/en\/wp-json\/wp\/v2\/media\/5052"}],"wp:attachment":[{"href":"https:\/\/news.access4you.io\/en\/wp-json\/wp\/v2\/media?parent=5050"}],"wp:term":[{"taxonomy":"category","embeddable":true,"href":"https:\/\/news.access4you.io\/en\/wp-json\/wp\/v2\/categories?post=5050"},{"taxonomy":"post_tag","embeddable":true,"href":"https:\/\/news.access4you.io\/en\/wp-json\/wp\/v2\/tags?post=5050"}],"curies":[{"name":"wp","href":"https:\/\/api.w.org\/{rel}","templated":true}]}}