{"id":5107,"date":"2024-12-02T15:14:11","date_gmt":"2024-12-02T15:14:11","guid":{"rendered":"https:\/\/news.access4you.io\/?p=5107"},"modified":"2024-12-02T15:14:12","modified_gmt":"2024-12-02T15:14:12","slug":"inkluziv-es-tarsadalmilag-fenntarthato-rendezvenyszervezes-partner-interju","status":"publish","type":"post","link":"https:\/\/news.access4you.io\/en\/2024\/12\/02\/inkluziv-es-tarsadalmilag-fenntarthato-rendezvenyszervezes-partner-interju\/","title":{"rendered":"Inkluz\u00edv \u00e9s t\u00e1rsadalmilag fenntarthat\u00f3 rendezv\u00e9nyszervez\u00e9s &#8211; Partner interj\u00fa"},"content":{"rendered":"<p><strong>A Portfolio Konferenci\u00e1k strat\u00e9giai partnerek\u00e9nt az Access4you r\u00e9szletes \u00e9s megb\u00edzhat\u00f3 akad\u00e1lymentess\u00e9gi inform\u00e1ci\u00f3t biztos\u00edt a fogyat\u00e9koss\u00e1ggal \u00e9l\u0151 vend\u00e9gek sz\u00e1m\u00e1ra. Az imm\u00e1r negyedik \u00e9ve tart\u00f3 egy\u00fcttm\u0171k\u00f6d\u00e9sr\u0151l \u00e9s a Portfolio n\u00e9zeteir\u0151l k\u00e9rdezt\u00fck P\u00e1sztor Rox\u00e1n\u00e1t, a Portfolio Csoport Fenntarthat\u00f3s\u00e1gi projektvezet\u0151j\u00e9t.<br><\/strong><br><\/p>\n\n\n\n<hr class=\"wp-block-separator has-alpha-channel-opacity\"\/>\n\n\n\n<h3 class=\"wp-block-heading\"><br><strong>Mi\u00e9rt fontos a t\u00e1rsadalmi fenntarthat\u00f3s\u00e1g rendezv\u00e9nyszervez\u00e9k \u00e9s konferenci\u00e1k szempontj\u00e1b\u00f3l?<\/strong><br><br><\/h3>\n\n\n\n<p>A konferenci\u00e1kra alapvet\u0151en \u00fagy tekint\u00fcnk, mint a t\u00e1rsadalmi diskurzusok egyik kulcsfontoss\u00e1g\u00fa platformja, \u00e9ppen emiatt elengedhetetlen a rendezv\u00e9nyszervez\u00e9sben is, hogy szerepet kapjon a t\u00e1rsadalmi fenntarthat\u00f3s\u00e1g. Egy fenntarthat\u00f3 rendezv\u00e9ny nemcsak a k\u00f6rnyezeti szempontokra figyel, hanem az emberek k\u00f6z\u00f6tti es\u00e9lyegyenl\u0151s\u00e9g \u00e9s az inkluzivit\u00e1s megteremt\u00e9s\u00e9re is. Ezzel biztos\u00edthat\u00f3, hogy minden r\u00e9sztvev\u0151, f\u00fcggetlen\u00fcl fizikai k\u00e9pess\u00e9geit\u0151l, t\u00e1rsadalmi helyzet\u00e9t\u0151l, teljes \u00e9rt\u00e9k\u0171 tagja lehessen a rendezv\u00e9nynek. Ez nemcsak a k\u00f6z\u00f6ns\u00e9g soksz\u00edn\u0171s\u00e9g\u00e9t n\u00f6veli, hanem er\u0151s\u00edti a k\u00f6z\u00f6ss\u00e9gi kapcsolatok \u00e9p\u00edt\u00e9s\u00e9t \u00e9s el\u0151seg\u00edti a pozit\u00edv t\u00e1rsadalmi v\u00e1ltoz\u00e1sokat.<br><br><\/p>\n\n\n\n<h3 class=\"wp-block-heading\"><strong>Hogyan illeszkedik be az akad\u00e1lymentess\u00e9g a Portfolio Konferenci\u00e1k fenntarthat\u00f3s\u00e1gi strat\u00e9gi\u00e1j\u00e1ba?<\/strong><br><br><\/h3>\n\n\n\n<p>A fenntarthat\u00f3s\u00e1gi strat\u00e9gi\u00e1nk els\u0151 fontos \u00e9s kifel\u00e9 is l\u00e1that\u00f3 l\u00e9p\u00e9se 2021-ben volt, amikor elkezdt\u00fck m\u00e9rni, sz\u00e1molni \u00e9s az elker\u00fclhetetlen kibocs\u00e1t\u00e1sunkat semleges\u00edteni minden Portfolio konferencia eset\u00e9ben. Ennek r\u00e9szek\u00e9nt k\u00fcl\u00f6nb\u00f6z\u0151 gyakorlatokkal igyeksz\u00fcnk minden \u00e9vben egyre jobban visszaszor\u00edtani az esem\u00e9nyek karbonl\u00e1bnyom\u00e1t. Ebben benne van a felt\u00e9rk\u00e9pez\u00e9s, a folyamatok sokkal m\u00e9lyebb tervez\u00e9se, \u00e9s az adatgy\u0171jt\u00e9s is. A k\u00f6rnyezeti megfontol\u00e1sok mellett, &#8211; szint\u00e9n m\u00e9g 2021-ben &#8211; a t\u00e1rsadalmi fenntarthat\u00f3s\u00e1g, eg\u00e9szen pontosan az akad\u00e1lymentess\u00e9g is felker\u00fclt arra a list\u00e1ra, ami szerint\u00fcnk egy min\u0151s\u00e9gi \u00e9s mindenki sz\u00e1m\u00e1ra \u00e9lvezhet\u0151 konferencia alapfelt\u00e9tele. A rendezv\u00e9nyszervez\u00e9si strat\u00e9gi\u00e1nk eleve arra \u00e9p\u00fcl, hogy a maxim\u00e1lis min\u0151s\u00e9get biztos\u00edtsuk, a fenntarthat\u00f3s\u00e1gi strat\u00e9gi\u00e1ban ugyanez az elv, ami akad\u00e1lymentes\u00edt\u00e9s n\u00e9lk\u00fcl nem is lehetne teljes.\u00a0<br><br><\/p>\n\n\n\n<h3 class=\"wp-block-heading\"><strong>V\u00e9lem\u00e9nyed szerint milyen el\u0151nyei vannak az akad\u00e1lymentess\u00e9gnek \u00e9s a t\u00e1rsadalmi fenntarthat\u00f3s\u00e1gnak ebben a kontextusban? Ak\u00e1r r\u00e9sztvev\u0151i \u00e9s szervez\u0151i szempontb\u00f3l.<\/strong><br><br><\/h3>\n\n\n\n<p>R\u00e9sztvev\u0151i szempontb\u00f3l az akad\u00e1lymentess\u00e9g biztos\u00edtja, hogy mindenki egyenl\u0151 felt\u00e9telek mellett vehessen r\u00e9szt az esem\u00e9nyeken, emellett el\u0151seg\u00edti a soksz\u00edn\u0171 k\u00f6z\u00f6ns\u00e9g, vagy \u00e9ppen a soksz\u00edn\u0171 el\u0151ad\u00f3k jelenl\u00e9t\u00e9t. Szervez\u0151i szempontb\u00f3l az el\u0151bb is eml\u00edtett min\u0151s\u00e9gen t\u00fal, a t\u00e1rsadalmi felel\u0151ss\u00e9gv\u00e1llal\u00e1s n\u00f6vel\u00e9s\u00e9ben tud szerepet j\u00e1tszani.<br><br><\/p>\n\n\n<div class=\"wp-block-image\">\n<figure class=\"aligncenter size-large\"><img loading=\"lazy\" decoding=\"async\" width=\"1024\" height=\"683\" src=\"https:\/\/news.access4you.io\/wp-content\/uploads\/2024\/12\/b9e0113e-302a-4ddb-9415-53b2252bdfa8-1-1024x683.jpg\" alt=\"\" class=\"wp-image-5110\" srcset=\"https:\/\/news.access4you.io\/wp-content\/uploads\/2024\/12\/b9e0113e-302a-4ddb-9415-53b2252bdfa8-1-1024x683.jpg 1024w, https:\/\/news.access4you.io\/wp-content\/uploads\/2024\/12\/b9e0113e-302a-4ddb-9415-53b2252bdfa8-1-300x200.jpg 300w, https:\/\/news.access4you.io\/wp-content\/uploads\/2024\/12\/b9e0113e-302a-4ddb-9415-53b2252bdfa8-1-768x512.jpg 768w, https:\/\/news.access4you.io\/wp-content\/uploads\/2024\/12\/b9e0113e-302a-4ddb-9415-53b2252bdfa8-1-1536x1024.jpg 1536w, https:\/\/news.access4you.io\/wp-content\/uploads\/2024\/12\/b9e0113e-302a-4ddb-9415-53b2252bdfa8-1-18x12.jpg 18w, https:\/\/news.access4you.io\/wp-content\/uploads\/2024\/12\/b9e0113e-302a-4ddb-9415-53b2252bdfa8-1.jpg 1920w\" sizes=\"auto, (max-width: 1024px) 100vw, 1024px\" \/><\/figure>\n<\/div>\n\n\n<p class=\"has-text-align-center\">K\u00e9p forr\u00e1s: Berecz Valter \/ Portfolio<br><br><br><\/p>\n\n\n\n<h3 class=\"wp-block-heading\"><strong>Hogyan kezd\u0151d\u00f6tt a Portfolio \u00e9s az Access4you k\u00f6z\u00f6tti egy\u00fcttm\u0171k\u00f6d\u00e9s? Mi motiv\u00e1lt titeket arra, hogy egy akad\u00e1lymentess\u00e9get bizony\u00edt\u00f3 v\u00e9djegy mellett d\u00f6ntsetek a konferenci\u00e1khoz?<\/strong><br><br><\/h3>\n\n\n\n<p>Az egy\u00fcttm\u0171k\u00f6d\u00e9s abb\u00f3l a felismer\u00e9sb\u0151l indult, hogy egyre nagyobb ig\u00e9ny van a t\u00e1rsadalmi fenntarthat\u00f3s\u00e1g \u00e9s az inkluzivit\u00e1s ir\u00e1nt a rendezv\u00e9nyeken, hiszen az akad\u00e1lymentess\u00e9g nemcsak etikai, hanem \u00fczleti szempontb\u00f3l is kulcsfontoss\u00e1g\u00fa. Az els\u0151 szem\u00e9lyes \u00e9lm\u00e9nyem ezzel kapcsolatban 2020-ban volt, amikor az egyik el\u0151ad\u00f3nk a rendezv\u00e9ny el\u0151tt p\u00e1r nappal megk\u00e9rdezte, hogy akad\u00e1lymentes-e a sz\u00e1lloda. Az els\u0151 gondolatom az volt, hogy term\u00e9szetesen az, hiszen liftek vannak, a termek k\u00f6z\u00f6tt nincs szinteltol\u00e1s, a sz\u00ednpadi feljut\u00e1s pedig kisebb el\u0151k\u00e9sz\u00fclet mellett megoldhat\u00f3. Egyetlen hiba volt a gondolatmenetemben, a sz\u00e1lloda lobbij\u00e1ba val\u00f3 bejut\u00e1sn\u00e1l az a 2-3 l\u00e9pcs\u0151fok, ami p\u00e9ld\u00e1ul egy kerekessz\u00e9kkel, de ak\u00e1r egy kificamodott bok\u00e1val is, kifejezetten nagy fizikai akad\u00e1lyt jelent, k\u00fcls\u0151 szeml\u00e9l\u0151k\u00e9nt viszont fel sem t\u0171nik. Ez a felismer\u00e9s gener\u00e1lta azt az ig\u00e9nyt, hogy a k\u00f6vetkez\u0151 \u00e9vekt\u0151l val\u00f3s (\u00e9s lehet\u0151leg ebb\u0151l a szempontb\u00f3l pozit\u00edv) inform\u00e1ci\u00f3t szeretn\u00e9k \u00e1tadni egy el\u0151ad\u00f3nak, vagy r\u00e9sztvev\u0151nek, ha megk\u00e9rdezni, hogy akad\u00e1lymentes helysz\u00ednen lesz\u00fcnk-e.<br><br><\/p>\n\n\n\n<h3 class=\"wp-block-heading\"><strong>Hogyan \u00e9s mennyire befoly\u00e1solja az Access4you tan\u00fas\u00edtv\u00e1ny a r\u00e9sztvev\u0151k &#8211; f\u0151k\u00e9nt speci\u00e1lis ig\u00e9nyekkel rendelkez\u0151 szem\u00e9lyek &#8211; szeml\u00e9let\u00e9t az esem\u00e9nyekr\u0151l?<\/strong><br><br><\/h3>\n\n\n\n<p>Azt gondolom, hogy a tan\u00fas\u00edtv\u00e1ny n\u00f6velheti a speci\u00e1lis ig\u00e9ny\u0171ek bizalm\u00e1t a rendezv\u00e9nyek kapcs\u00e1n. A v\u00e9djegy garanci\u00e1t ny\u00fajt arra, hogy az esem\u00e9nyeink t\u00e9nylegesen hozz\u00e1f\u00e9rhet\u0151ek \u00e9s befogad\u00f3ak. \u00cdgy is sz\u00e1mos dolog miatt kell agg\u00f3dnunk a mindennapokban, legal\u00e1bb egy \u00e9p\u00fcletbe val\u00f3 bejut\u00e1s ne legyen ezek k\u00f6z\u00f6tt.\u00a0<br><br><\/p>\n\n\n\n<h3 class=\"wp-block-heading\"><strong>Megl\u00e1t\u00e1sod szerint a j\u00f6v\u0151ben milyen szerepet fog j\u00e1tszani az akad\u00e1lymentess\u00e9g a rendezv\u00e9nyszervez\u00e9sben?<\/strong><br><br><\/h3>\n\n\n\n<p>Tapasztalataink alapj\u00e1n a hozz\u00e1f\u00e9rhet\u0151s\u00e9gre vonatkoz\u00f3 elv\u00e1r\u00e1sok folyamatosan n\u00f6vekednek, \u00e9s a szervezeteknek alkalmazkodniuk kell ezekhez a v\u00e1ltoz\u00e1sokhoz, ha versenyk\u00e9pesek akarnak maradni. Az akad\u00e1lymentess\u00e9g biztos\u00edt\u00e1sa nemcsak t\u00e1rsadalmi felel\u0151ss\u00e9g, hanem egyre ink\u00e1bb \u00fczleti el\u0151ny is, amely el\u0151seg\u00edti a rendezv\u00e9nyekn\u00e9l egy sz\u00e9lesebb k\u00f6z\u00f6ns\u00e9g el\u00e9r\u00e9s\u00e9t.\u00a0<br><br><\/p>\n\n\n\n<h3 class=\"wp-block-heading\"><strong>Lenne m\u00e9g valami, amit megeml\u00edten\u00e9l az Access4you-val k\u00f6z\u00f6s munk\u00e1r\u00f3l, \u00e9s a t\u00e1rsadalmi fenntarthat\u00f3s\u00e1g fontoss\u00e1g\u00e1r\u00f3l?<\/strong><br><br><\/h3>\n\n\n\n<p>Az Access4you-val val\u00f3 egy\u00fcttm\u0171k\u00f6d\u00e9s\u00fcnk nem csup\u00e1n egy tan\u00fas\u00edtv\u00e1ny megszerz\u00e9s\u00e9r\u0151l sz\u00f3l; ez egy k\u00f6z\u00f6s elk\u00f6telez\u0151d\u00e9s a fenntarthat\u00f3 \u00e9s befogad\u00f3 j\u00f6v\u0151 \u00e9p\u00edt\u00e9se ir\u00e1nt. A t\u00e1rsadalmi fenntarthat\u00f3s\u00e1g nem egy egyszeri c\u00e9l, hanem folyamatos t\u00f6rekv\u00e9s.<br><br><\/p>\n\n\n\n<hr class=\"wp-block-separator has-alpha-channel-opacity\"\/>","protected":false},"excerpt":{"rendered":"<p>A Portfolio Konferenci\u00e1k strat\u00e9giai partnerek\u00e9nt az Access4you r\u00e9szletes \u00e9s megb\u00edzhat\u00f3 akad\u00e1lymentess\u00e9gi inform\u00e1ci\u00f3t biztos\u00edt a fogyat\u00e9koss\u00e1ggal \u00e9l\u0151 vend\u00e9gek sz\u00e1m\u00e1ra. Az imm\u00e1r negyedik \u00e9ve tart\u00f3 egy\u00fcttm\u0171k\u00f6d\u00e9sr\u0151l \u00e9s a Portfolio n\u00e9zeteir\u0151l k\u00e9rdezt\u00fck P\u00e1sztor Rox\u00e1n\u00e1t, a Portfolio Csoport Fenntarthat\u00f3s\u00e1gi projektvezet\u0151j\u00e9t. Mi\u00e9rt fontos a t\u00e1rsadalmi fenntarthat\u00f3s\u00e1g rendezv\u00e9nyszervez\u00e9k \u00e9s konferenci\u00e1k szempontj\u00e1b\u00f3l? A konferenci\u00e1kra alapvet\u0151en \u00fagy tekint\u00fcnk, mint a t\u00e1rsadalmi diskurzusok egyik [&hellip;]<\/p>","protected":false},"author":1,"featured_media":5108,"comment_status":"closed","ping_status":"closed","sticky":false,"template":"","format":"standard","meta":{"footnotes":""},"categories":[10],"tags":[71,117,130,155],"class_list":["post-5107","post","type-post","status-publish","format-standard","has-post-thumbnail","hentry","category-blog","tag-fenntarthatosag","tag-portfolioconferences","tag-interju","tag-rendezvenyszervezes"],"yoast_head":"<!-- This site is optimized with the Yoast SEO plugin v23.8 - https:\/\/yoast.com\/wordpress\/plugins\/seo\/ -->\n<title>Inkluz\u00edv \u00e9s t\u00e1rsadalmilag fenntarthat\u00f3 rendezv\u00e9nyszervez\u00e9s - Partner interj\u00fa - Access4you H\u00edrek<\/title>\n<meta name=\"description\" content=\"P\u00e1sztor Rox\u00e1n\u00e1t, a Portfolio Fenntarthat\u00f3s\u00e1gi projektvezet\u0151j\u00e9t k\u00e9rdezt\u00fck a fenntarthat\u00f3 \u00e9s inkluz\u00edv rendezv\u00e9nyszervez\u00e9sr\u0151l.\" \/>\n<meta name=\"robots\" content=\"index, follow, max-snippet:-1, max-image-preview:large, max-video-preview:-1\" \/>\n<link rel=\"canonical\" href=\"https:\/\/news.access4you.io\/en\/2024\/12\/02\/inkluziv-es-tarsadalmilag-fenntarthato-rendezvenyszervezes-partner-interju\/\" \/>\n<meta property=\"og:locale\" content=\"en_US\" \/>\n<meta property=\"og:type\" content=\"article\" \/>\n<meta property=\"og:title\" content=\"Inkluz\u00edv \u00e9s t\u00e1rsadalmilag fenntarthat\u00f3 rendezv\u00e9nyszervez\u00e9s - Partner interj\u00fa - Access4you H\u00edrek\" \/>\n<meta property=\"og:description\" content=\"P\u00e1sztor Rox\u00e1n\u00e1t, a Portfolio Fenntarthat\u00f3s\u00e1gi projektvezet\u0151j\u00e9t k\u00e9rdezt\u00fck a fenntarthat\u00f3 \u00e9s inkluz\u00edv rendezv\u00e9nyszervez\u00e9sr\u0151l.\" \/>\n<meta property=\"og:url\" content=\"https:\/\/news.access4you.io\/en\/2024\/12\/02\/inkluziv-es-tarsadalmilag-fenntarthato-rendezvenyszervezes-partner-interju\/\" \/>\n<meta property=\"og:site_name\" content=\"Access4you H\u00edrek\" \/>\n<meta property=\"article:published_time\" content=\"2024-12-02T15:14:11+00:00\" \/>\n<meta property=\"article:modified_time\" content=\"2024-12-02T15:14:12+00:00\" \/>\n<meta property=\"og:image\" content=\"https:\/\/news.access4you.io\/wp-content\/uploads\/2024\/12\/Roxi.png\" \/>\n\t<meta property=\"og:image:width\" content=\"1440\" \/>\n\t<meta property=\"og:image:height\" content=\"500\" \/>\n\t<meta property=\"og:image:type\" content=\"image\/png\" \/>\n<meta name=\"author\" content=\"access4you\" \/>\n<meta name=\"twitter:card\" content=\"summary_large_image\" \/>\n<meta name=\"twitter:label1\" content=\"Written by\" \/>\n\t<meta name=\"twitter:data1\" content=\"access4you\" \/>\n\t<meta name=\"twitter:label2\" content=\"Est. reading time\" \/>\n\t<meta name=\"twitter:data2\" content=\"4 minutes\" \/>\n<script type=\"application\/ld+json\" class=\"yoast-schema-graph\">{\"@context\":\"https:\/\/schema.org\",\"@graph\":[{\"@type\":\"Article\",\"@id\":\"https:\/\/news.access4you.io\/2024\/12\/02\/inkluziv-es-tarsadalmilag-fenntarthato-rendezvenyszervezes-partner-interju\/#article\",\"isPartOf\":{\"@id\":\"https:\/\/news.access4you.io\/2024\/12\/02\/inkluziv-es-tarsadalmilag-fenntarthato-rendezvenyszervezes-partner-interju\/\"},\"author\":{\"name\":\"access4you\",\"@id\":\"https:\/\/news.access4you.io\/#\/schema\/person\/cb4fff088aa5f5f43a6f4ce3a1e2e084\"},\"headline\":\"Inkluz\u00edv \u00e9s t\u00e1rsadalmilag fenntarthat\u00f3 rendezv\u00e9nyszervez\u00e9s &#8211; Partner interj\u00fa\",\"datePublished\":\"2024-12-02T15:14:11+00:00\",\"dateModified\":\"2024-12-02T15:14:12+00:00\",\"mainEntityOfPage\":{\"@id\":\"https:\/\/news.access4you.io\/2024\/12\/02\/inkluziv-es-tarsadalmilag-fenntarthato-rendezvenyszervezes-partner-interju\/\"},\"wordCount\":1076,\"publisher\":{\"@id\":\"https:\/\/news.access4you.io\/#organization\"},\"image\":{\"@id\":\"https:\/\/news.access4you.io\/2024\/12\/02\/inkluziv-es-tarsadalmilag-fenntarthato-rendezvenyszervezes-partner-interju\/#primaryimage\"},\"thumbnailUrl\":\"https:\/\/news.access4you.io\/wp-content\/uploads\/2024\/12\/Roxi.png\",\"keywords\":[\"fenntarthat\u00f3s\u00e1g\",\"PortfolioConferences\",\"Interj\u00fa\",\"Rendezv\u00e9nyszervez\u00e9s\"],\"articleSection\":[\"Blog\"],\"inLanguage\":\"en-US\"},{\"@type\":\"WebPage\",\"@id\":\"https:\/\/news.access4you.io\/2024\/12\/02\/inkluziv-es-tarsadalmilag-fenntarthato-rendezvenyszervezes-partner-interju\/\",\"url\":\"https:\/\/news.access4you.io\/2024\/12\/02\/inkluziv-es-tarsadalmilag-fenntarthato-rendezvenyszervezes-partner-interju\/\",\"name\":\"Inkluz\u00edv \u00e9s t\u00e1rsadalmilag fenntarthat\u00f3 rendezv\u00e9nyszervez\u00e9s - Partner interj\u00fa - Access4you H\u00edrek\",\"isPartOf\":{\"@id\":\"https:\/\/news.access4you.io\/#website\"},\"primaryImageOfPage\":{\"@id\":\"https:\/\/news.access4you.io\/2024\/12\/02\/inkluziv-es-tarsadalmilag-fenntarthato-rendezvenyszervezes-partner-interju\/#primaryimage\"},\"image\":{\"@id\":\"https:\/\/news.access4you.io\/2024\/12\/02\/inkluziv-es-tarsadalmilag-fenntarthato-rendezvenyszervezes-partner-interju\/#primaryimage\"},\"thumbnailUrl\":\"https:\/\/news.access4you.io\/wp-content\/uploads\/2024\/12\/Roxi.png\",\"datePublished\":\"2024-12-02T15:14:11+00:00\",\"dateModified\":\"2024-12-02T15:14:12+00:00\",\"description\":\"P\u00e1sztor Rox\u00e1n\u00e1t, a Portfolio Fenntarthat\u00f3s\u00e1gi projektvezet\u0151j\u00e9t k\u00e9rdezt\u00fck a fenntarthat\u00f3 \u00e9s inkluz\u00edv rendezv\u00e9nyszervez\u00e9sr\u0151l.\",\"breadcrumb\":{\"@id\":\"https:\/\/news.access4you.io\/2024\/12\/02\/inkluziv-es-tarsadalmilag-fenntarthato-rendezvenyszervezes-partner-interju\/#breadcrumb\"},\"inLanguage\":\"en-US\",\"potentialAction\":[{\"@type\":\"ReadAction\",\"target\":[\"https:\/\/news.access4you.io\/2024\/12\/02\/inkluziv-es-tarsadalmilag-fenntarthato-rendezvenyszervezes-partner-interju\/\"]}]},{\"@type\":\"ImageObject\",\"inLanguage\":\"en-US\",\"@id\":\"https:\/\/news.access4you.io\/2024\/12\/02\/inkluziv-es-tarsadalmilag-fenntarthato-rendezvenyszervezes-partner-interju\/#primaryimage\",\"url\":\"https:\/\/news.access4you.io\/wp-content\/uploads\/2024\/12\/Roxi.png\",\"contentUrl\":\"https:\/\/news.access4you.io\/wp-content\/uploads\/2024\/12\/Roxi.png\",\"width\":1440,\"height\":500,\"caption\":\"Interj\u00fa P\u00e1sztor Rox\u00e1n\u00e1val\"},{\"@type\":\"BreadcrumbList\",\"@id\":\"https:\/\/news.access4you.io\/2024\/12\/02\/inkluziv-es-tarsadalmilag-fenntarthato-rendezvenyszervezes-partner-interju\/#breadcrumb\",\"itemListElement\":[{\"@type\":\"ListItem\",\"position\":1,\"name\":\"Kezd\u0151lap\",\"item\":\"https:\/\/news.access4you.io\/\"},{\"@type\":\"ListItem\",\"position\":2,\"name\":\"Inkluz\u00edv \u00e9s t\u00e1rsadalmilag fenntarthat\u00f3 rendezv\u00e9nyszervez\u00e9s &#8211; Partner interj\u00fa\"}]},{\"@type\":\"WebSite\",\"@id\":\"https:\/\/news.access4you.io\/#website\",\"url\":\"https:\/\/news.access4you.io\/\",\"name\":\"Access4you H\u00edrek\",\"description\":\"\",\"publisher\":{\"@id\":\"https:\/\/news.access4you.io\/#organization\"},\"potentialAction\":[{\"@type\":\"SearchAction\",\"target\":{\"@type\":\"EntryPoint\",\"urlTemplate\":\"https:\/\/news.access4you.io\/?s={search_term_string}\"},\"query-input\":{\"@type\":\"PropertyValueSpecification\",\"valueRequired\":true,\"valueName\":\"search_term_string\"}}],\"inLanguage\":\"en-US\"},{\"@type\":\"Organization\",\"@id\":\"https:\/\/news.access4you.io\/#organization\",\"name\":\"Access4you H\u00edrek\",\"url\":\"https:\/\/news.access4you.io\/\",\"logo\":{\"@type\":\"ImageObject\",\"inLanguage\":\"en-US\",\"@id\":\"https:\/\/news.access4you.io\/#\/schema\/logo\/image\/\",\"url\":\"https:\/\/news.access4you.io\/wp-content\/uploads\/2021\/01\/a4u-logo-black.png\",\"contentUrl\":\"https:\/\/news.access4you.io\/wp-content\/uploads\/2021\/01\/a4u-logo-black.png\",\"width\":726,\"height\":454,\"caption\":\"Access4you H\u00edrek\"},\"image\":{\"@id\":\"https:\/\/news.access4you.io\/#\/schema\/logo\/image\/\"}},{\"@type\":\"Person\",\"@id\":\"https:\/\/news.access4you.io\/#\/schema\/person\/cb4fff088aa5f5f43a6f4ce3a1e2e084\",\"name\":\"access4you\",\"image\":{\"@type\":\"ImageObject\",\"inLanguage\":\"en-US\",\"@id\":\"https:\/\/news.access4you.io\/#\/schema\/person\/image\/\",\"url\":\"https:\/\/secure.gravatar.com\/avatar\/9795a8b3afc7ed258d167a92dbb1075b37bab5bc83b1ac9182ff4f58c22040b8?s=96&d=mm&r=g\",\"contentUrl\":\"https:\/\/secure.gravatar.com\/avatar\/9795a8b3afc7ed258d167a92dbb1075b37bab5bc83b1ac9182ff4f58c22040b8?s=96&d=mm&r=g\",\"caption\":\"access4you\"},\"sameAs\":[\"http:\/\/localhost\/access4you\"],\"url\":\"https:\/\/news.access4you.io\/en\/author\/access4you\/\"}]}<\/script>\n<!-- \/ Yoast SEO plugin. -->","yoast_head_json":{"title":"Inkluz\u00edv \u00e9s t\u00e1rsadalmilag fenntarthat\u00f3 rendezv\u00e9nyszervez\u00e9s - Partner interj\u00fa - Access4you H\u00edrek","description":"P\u00e1sztor Rox\u00e1n\u00e1t, a Portfolio Fenntarthat\u00f3s\u00e1gi projektvezet\u0151j\u00e9t k\u00e9rdezt\u00fck a fenntarthat\u00f3 \u00e9s inkluz\u00edv rendezv\u00e9nyszervez\u00e9sr\u0151l.","robots":{"index":"index","follow":"follow","max-snippet":"max-snippet:-1","max-image-preview":"max-image-preview:large","max-video-preview":"max-video-preview:-1"},"canonical":"https:\/\/news.access4you.io\/en\/2024\/12\/02\/inkluziv-es-tarsadalmilag-fenntarthato-rendezvenyszervezes-partner-interju\/","og_locale":"en_US","og_type":"article","og_title":"Inkluz\u00edv \u00e9s t\u00e1rsadalmilag fenntarthat\u00f3 rendezv\u00e9nyszervez\u00e9s - Partner interj\u00fa - Access4you H\u00edrek","og_description":"P\u00e1sztor Rox\u00e1n\u00e1t, a Portfolio Fenntarthat\u00f3s\u00e1gi projektvezet\u0151j\u00e9t k\u00e9rdezt\u00fck a fenntarthat\u00f3 \u00e9s inkluz\u00edv rendezv\u00e9nyszervez\u00e9sr\u0151l.","og_url":"https:\/\/news.access4you.io\/en\/2024\/12\/02\/inkluziv-es-tarsadalmilag-fenntarthato-rendezvenyszervezes-partner-interju\/","og_site_name":"Access4you H\u00edrek","article_published_time":"2024-12-02T15:14:11+00:00","article_modified_time":"2024-12-02T15:14:12+00:00","og_image":[{"width":1440,"height":500,"url":"https:\/\/news.access4you.io\/wp-content\/uploads\/2024\/12\/Roxi.png","type":"image\/png"}],"author":"access4you","twitter_card":"summary_large_image","twitter_misc":{"Written by":"access4you","Est. reading time":"4 minutes"},"schema":{"@context":"https:\/\/schema.org","@graph":[{"@type":"Article","@id":"https:\/\/news.access4you.io\/2024\/12\/02\/inkluziv-es-tarsadalmilag-fenntarthato-rendezvenyszervezes-partner-interju\/#article","isPartOf":{"@id":"https:\/\/news.access4you.io\/2024\/12\/02\/inkluziv-es-tarsadalmilag-fenntarthato-rendezvenyszervezes-partner-interju\/"},"author":{"name":"access4you","@id":"https:\/\/news.access4you.io\/#\/schema\/person\/cb4fff088aa5f5f43a6f4ce3a1e2e084"},"headline":"Inkluz\u00edv \u00e9s t\u00e1rsadalmilag fenntarthat\u00f3 rendezv\u00e9nyszervez\u00e9s &#8211; Partner interj\u00fa","datePublished":"2024-12-02T15:14:11+00:00","dateModified":"2024-12-02T15:14:12+00:00","mainEntityOfPage":{"@id":"https:\/\/news.access4you.io\/2024\/12\/02\/inkluziv-es-tarsadalmilag-fenntarthato-rendezvenyszervezes-partner-interju\/"},"wordCount":1076,"publisher":{"@id":"https:\/\/news.access4you.io\/#organization"},"image":{"@id":"https:\/\/news.access4you.io\/2024\/12\/02\/inkluziv-es-tarsadalmilag-fenntarthato-rendezvenyszervezes-partner-interju\/#primaryimage"},"thumbnailUrl":"https:\/\/news.access4you.io\/wp-content\/uploads\/2024\/12\/Roxi.png","keywords":["fenntarthat\u00f3s\u00e1g","PortfolioConferences","Interj\u00fa","Rendezv\u00e9nyszervez\u00e9s"],"articleSection":["Blog"],"inLanguage":"en-US"},{"@type":"WebPage","@id":"https:\/\/news.access4you.io\/2024\/12\/02\/inkluziv-es-tarsadalmilag-fenntarthato-rendezvenyszervezes-partner-interju\/","url":"https:\/\/news.access4you.io\/2024\/12\/02\/inkluziv-es-tarsadalmilag-fenntarthato-rendezvenyszervezes-partner-interju\/","name":"Inkluz\u00edv \u00e9s t\u00e1rsadalmilag fenntarthat\u00f3 rendezv\u00e9nyszervez\u00e9s - Partner interj\u00fa - Access4you H\u00edrek","isPartOf":{"@id":"https:\/\/news.access4you.io\/#website"},"primaryImageOfPage":{"@id":"https:\/\/news.access4you.io\/2024\/12\/02\/inkluziv-es-tarsadalmilag-fenntarthato-rendezvenyszervezes-partner-interju\/#primaryimage"},"image":{"@id":"https:\/\/news.access4you.io\/2024\/12\/02\/inkluziv-es-tarsadalmilag-fenntarthato-rendezvenyszervezes-partner-interju\/#primaryimage"},"thumbnailUrl":"https:\/\/news.access4you.io\/wp-content\/uploads\/2024\/12\/Roxi.png","datePublished":"2024-12-02T15:14:11+00:00","dateModified":"2024-12-02T15:14:12+00:00","description":"P\u00e1sztor Rox\u00e1n\u00e1t, a Portfolio Fenntarthat\u00f3s\u00e1gi projektvezet\u0151j\u00e9t k\u00e9rdezt\u00fck a fenntarthat\u00f3 \u00e9s inkluz\u00edv rendezv\u00e9nyszervez\u00e9sr\u0151l.","breadcrumb":{"@id":"https:\/\/news.access4you.io\/2024\/12\/02\/inkluziv-es-tarsadalmilag-fenntarthato-rendezvenyszervezes-partner-interju\/#breadcrumb"},"inLanguage":"en-US","potentialAction":[{"@type":"ReadAction","target":["https:\/\/news.access4you.io\/2024\/12\/02\/inkluziv-es-tarsadalmilag-fenntarthato-rendezvenyszervezes-partner-interju\/"]}]},{"@type":"ImageObject","inLanguage":"en-US","@id":"https:\/\/news.access4you.io\/2024\/12\/02\/inkluziv-es-tarsadalmilag-fenntarthato-rendezvenyszervezes-partner-interju\/#primaryimage","url":"https:\/\/news.access4you.io\/wp-content\/uploads\/2024\/12\/Roxi.png","contentUrl":"https:\/\/news.access4you.io\/wp-content\/uploads\/2024\/12\/Roxi.png","width":1440,"height":500,"caption":"Interj\u00fa P\u00e1sztor Rox\u00e1n\u00e1val"},{"@type":"BreadcrumbList","@id":"https:\/\/news.access4you.io\/2024\/12\/02\/inkluziv-es-tarsadalmilag-fenntarthato-rendezvenyszervezes-partner-interju\/#breadcrumb","itemListElement":[{"@type":"ListItem","position":1,"name":"Kezd\u0151lap","item":"https:\/\/news.access4you.io\/"},{"@type":"ListItem","position":2,"name":"Inkluz\u00edv \u00e9s t\u00e1rsadalmilag fenntarthat\u00f3 rendezv\u00e9nyszervez\u00e9s &#8211; Partner interj\u00fa"}]},{"@type":"WebSite","@id":"https:\/\/news.access4you.io\/#website","url":"https:\/\/news.access4you.io\/","name":"Access4you H\u00edrek","description":"","publisher":{"@id":"https:\/\/news.access4you.io\/#organization"},"potentialAction":[{"@type":"SearchAction","target":{"@type":"EntryPoint","urlTemplate":"https:\/\/news.access4you.io\/?s={search_term_string}"},"query-input":{"@type":"PropertyValueSpecification","valueRequired":true,"valueName":"search_term_string"}}],"inLanguage":"en-US"},{"@type":"Organization","@id":"https:\/\/news.access4you.io\/#organization","name":"Access4you H\u00edrek","url":"https:\/\/news.access4you.io\/","logo":{"@type":"ImageObject","inLanguage":"en-US","@id":"https:\/\/news.access4you.io\/#\/schema\/logo\/image\/","url":"https:\/\/news.access4you.io\/wp-content\/uploads\/2021\/01\/a4u-logo-black.png","contentUrl":"https:\/\/news.access4you.io\/wp-content\/uploads\/2021\/01\/a4u-logo-black.png","width":726,"height":454,"caption":"Access4you H\u00edrek"},"image":{"@id":"https:\/\/news.access4you.io\/#\/schema\/logo\/image\/"}},{"@type":"Person","@id":"https:\/\/news.access4you.io\/#\/schema\/person\/cb4fff088aa5f5f43a6f4ce3a1e2e084","name":"access4you","image":{"@type":"ImageObject","inLanguage":"en-US","@id":"https:\/\/news.access4you.io\/#\/schema\/person\/image\/","url":"https:\/\/secure.gravatar.com\/avatar\/9795a8b3afc7ed258d167a92dbb1075b37bab5bc83b1ac9182ff4f58c22040b8?s=96&d=mm&r=g","contentUrl":"https:\/\/secure.gravatar.com\/avatar\/9795a8b3afc7ed258d167a92dbb1075b37bab5bc83b1ac9182ff4f58c22040b8?s=96&d=mm&r=g","caption":"access4you"},"sameAs":["http:\/\/localhost\/access4you"],"url":"https:\/\/news.access4you.io\/en\/author\/access4you\/"}]}},"_links":{"self":[{"href":"https:\/\/news.access4you.io\/en\/wp-json\/wp\/v2\/posts\/5107","targetHints":{"allow":["GET"]}}],"collection":[{"href":"https:\/\/news.access4you.io\/en\/wp-json\/wp\/v2\/posts"}],"about":[{"href":"https:\/\/news.access4you.io\/en\/wp-json\/wp\/v2\/types\/post"}],"author":[{"embeddable":true,"href":"https:\/\/news.access4you.io\/en\/wp-json\/wp\/v2\/users\/1"}],"replies":[{"embeddable":true,"href":"https:\/\/news.access4you.io\/en\/wp-json\/wp\/v2\/comments?post=5107"}],"version-history":[{"count":10,"href":"https:\/\/news.access4you.io\/en\/wp-json\/wp\/v2\/posts\/5107\/revisions"}],"predecessor-version":[{"id":5120,"href":"https:\/\/news.access4you.io\/en\/wp-json\/wp\/v2\/posts\/5107\/revisions\/5120"}],"wp:featuredmedia":[{"embeddable":true,"href":"https:\/\/news.access4you.io\/en\/wp-json\/wp\/v2\/media\/5108"}],"wp:attachment":[{"href":"https:\/\/news.access4you.io\/en\/wp-json\/wp\/v2\/media?parent=5107"}],"wp:term":[{"taxonomy":"category","embeddable":true,"href":"https:\/\/news.access4you.io\/en\/wp-json\/wp\/v2\/categories?post=5107"},{"taxonomy":"post_tag","embeddable":true,"href":"https:\/\/news.access4you.io\/en\/wp-json\/wp\/v2\/tags?post=5107"}],"curies":[{"name":"wp","href":"https:\/\/api.w.org\/{rel}","templated":true}]}}